{"id":17067,"date":"2024-12-21T07:46:21","date_gmt":"2024-12-21T07:46:21","guid":{"rendered":"http:\/\/gazetevizyon.com\/?p=17067"},"modified":"2024-12-21T07:46:21","modified_gmt":"2024-12-21T07:46:21","slug":"yesilova-mahallesi-sakinleri-bir-araya-geldi","status":"publish","type":"post","link":"http:\/\/gazetevizyon.com\/?p=17067","title":{"rendered":"Ye\u015filova Mahallesi Sakinleri Bir Araya Geldi"},"content":{"rendered":"<p>Bal\u0131kesir&#8217;in Karesi il\u00e7esine ba\u011fl\u0131 Ye\u015filova Mahallesi&#8217;nde, mahalle muhtar\u0131 Ahmet \u0130bi\u015f, meclis \u00fcyeleri ve birim m\u00fcd\u00fcrleri ile birlikte mahalle sakinleriyle bir araya geldi. Mahallede d\u00fczenlenen toplant\u0131da, hem\u015fehrilerle sorunlar\u0131n \u00e7\u00f6z\u00fcm\u00fc \u00fczerine fikir al\u0131\u015fveri\u015finde bulunuldu. Toplant\u0131da yap\u0131lan ho\u015f sohbetlerle birlikte, mahalle sakinleri de ihtiya\u00e7 ve taleplerini dile getirdi.<br \/>\nMuhtar Ahmet \u0130bi\u015f, bulu\u015fman\u0131n \u00f6nemine vurgu yaparak mahalle sakinlerine misafirperverlikleri i\u00e7in te\u015fekk\u00fcr etti. Bu bulu\u015fma, mahalle halk\u0131n\u0131n dayan\u0131\u015fma ve birlik i\u00e7inde oldu\u011funu g\u00f6steren bir ad\u0131m olarak de\u011ferlendirildi.<\/p>\n","protected":false},"excerpt":{"rendered":"<p>Bal\u0131kesir&#8217;in Karesi il\u00e7esine ba\u011fl\u0131 Ye\u015filova Mahallesi&#8217;nde, mahalle muhtar\u0131 Ahmet \u0130bi\u015f, meclis \u00fcyeleri ve birim m\u00fcd\u00fcrleri ile birlikte mahalle sakinleriyle bir araya geldi. Mahallede d\u00fczenlenen toplant\u0131da, hem\u015fehrilerle sorunlar\u0131n \u00e7\u00f6z\u00fcm\u00fc \u00fczerine fikir al\u0131\u015fveri\u015finde bulunuldu. Toplant\u0131da yap\u0131lan ho\u015f sohbetlerle birlikte, mahalle sakinleri de&#8230;<\/p>\n","protected":false},"author":1,"featured_media":17068,"comment_status":"closed","ping_status":"closed","sticky":false,"template":"","format":"standard","meta":{"footnotes":""},"categories":[23],"tags":[],"class_list":["post-17067","post","type-post","status-publish","format-standard","has-post-thumbnail","hentry","category-siyaset"],"_links":{"self":[{"href":"http:\/\/gazetevizyon.com\/index.php?rest_route=\/wp\/v2\/posts\/17067","targetHints":{"allow":["GET"]}}],"collection":[{"href":"http:\/\/gazetevizyon.com\/index.php?rest_route=\/wp\/v2\/posts"}],"about":[{"href":"http:\/\/gazetevizyon.com\/index.php?rest_route=\/wp\/v2\/types\/post"}],"author":[{"embeddable":true,"href":"http:\/\/gazetevizyon.com\/index.php?rest_route=\/wp\/v2\/users\/1"}],"replies":[{"embeddable":true,"href":"http:\/\/gazetevizyon.com\/index.php?rest_route=%2Fwp%2Fv2%2Fcomments&post=17067"}],"version-history":[{"count":0,"href":"http:\/\/gazetevizyon.com\/index.php?rest_route=\/wp\/v2\/posts\/17067\/revisions"}],"wp:featuredmedia":[{"embeddable":true,"href":"http:\/\/gazetevizyon.com\/index.php?rest_route=\/wp\/v2\/media\/17068"}],"wp:attachment":[{"href":"http:\/\/gazetevizyon.com\/index.php?rest_route=%2Fwp%2Fv2%2Fmedia&parent=17067"}],"wp:term":[{"taxonomy":"category","embeddable":true,"href":"http:\/\/gazetevizyon.com\/index.php?rest_route=%2Fwp%2Fv2%2Fcategories&post=17067"},{"taxonomy":"post_tag","embeddable":true,"href":"http:\/\/gazetevizyon.com\/index.php?rest_route=%2Fwp%2Fv2%2Ftags&post=17067"}],"curies":[{"name":"wp","href":"https:\/\/api.w.org\/{rel}","templated":true}]}}