{"id":17275,"date":"2024-12-24T18:57:26","date_gmt":"2024-12-24T18:57:26","guid":{"rendered":"http:\/\/gazetevizyon.com\/?p=17275"},"modified":"2024-12-24T18:57:26","modified_gmt":"2024-12-24T18:57:26","slug":"ogrenciler-uluslararasi-festivalden-madalyalarla-dondu","status":"publish","type":"post","link":"http:\/\/gazetevizyon.com\/?p=17275","title":{"rendered":"\u00d6\u011frenciler Uluslararas\u0131 Festivalden Madalyalarla D\u00f6nd\u00fc"},"content":{"rendered":"<p>Karesi \u0130l\u00e7e Milli E\u011fitim M\u00fcd\u00fcr\u00fc Sami G\u00fcnnu, 21. Uluslararas\u0131 \u0130stanbul Gastronomi Festivali&#8217;nden madalyalarla d\u00f6nen Gazi Mustafa Kemal Turizm Mesleki ve Teknik Anadolu Lisesi \u00f6\u011frencilerini ziyaret etti. M\u00fcd\u00fcr G\u00fcnnu, \u00f6\u011frencilerin ki\u015fisel yeteneklerini gastronomi ile bulu\u015fturarak kazand\u0131klar\u0131 ba\u015far\u0131lar\u0131n, il\u00e7enin uluslararas\u0131 alanda duyulmas\u0131na katk\u0131 sa\u011flad\u0131\u011f\u0131n\u0131 ifade etti. \u00d6\u011frencileri elde ettikleri madalyalardan \u00f6t\u00fcr\u00fc tebrik eden G\u00fcnnu, bu t\u00fcr ba\u015far\u0131lar\u0131n e\u011fitim kurumlar\u0131n\u0131n sa\u011flad\u0131\u011f\u0131 deste\u011fin bir g\u00f6stergesi oldu\u011funu vurgulad\u0131. <\/p>\n<p>Sami G\u00fcnnu, dan\u0131\u015fman \u00f6\u011fretmenler ile idarecilere de \u00f6\u011frencilerin ba\u015far\u0131s\u0131nda sa\u011flad\u0131klar\u0131 katk\u0131lardan dolay\u0131 te\u015fekk\u00fcr etti. Bu t\u00fcr etkinliklerin, \u00f6\u011frencilerin yeteneklerini sergilemesi a\u00e7\u0131s\u0131ndan \u00f6nemli oldu\u011funu belirtti.<\/p>\n","protected":false},"excerpt":{"rendered":"<p>Karesi \u0130l\u00e7e Milli E\u011fitim M\u00fcd\u00fcr\u00fc Sami G\u00fcnnu, 21. Uluslararas\u0131 \u0130stanbul Gastronomi Festivali&#8217;nden madalyalarla d\u00f6nen Gazi Mustafa Kemal Turizm Mesleki ve Teknik Anadolu Lisesi \u00f6\u011frencilerini ziyaret etti. M\u00fcd\u00fcr G\u00fcnnu, \u00f6\u011frencilerin ki\u015fisel yeteneklerini gastronomi ile bulu\u015fturarak kazand\u0131klar\u0131 ba\u015far\u0131lar\u0131n, il\u00e7enin uluslararas\u0131 alanda duyulmas\u0131na&#8230;<\/p>\n","protected":false},"author":1,"featured_media":17276,"comment_status":"closed","ping_status":"closed","sticky":false,"template":"","format":"standard","meta":{"footnotes":""},"categories":[27],"tags":[],"class_list":["post-17275","post","type-post","status-publish","format-standard","has-post-thumbnail","hentry","category-egitim"],"_links":{"self":[{"href":"http:\/\/gazetevizyon.com\/index.php?rest_route=\/wp\/v2\/posts\/17275","targetHints":{"allow":["GET"]}}],"collection":[{"href":"http:\/\/gazetevizyon.com\/index.php?rest_route=\/wp\/v2\/posts"}],"about":[{"href":"http:\/\/gazetevizyon.com\/index.php?rest_route=\/wp\/v2\/types\/post"}],"author":[{"embeddable":true,"href":"http:\/\/gazetevizyon.com\/index.php?rest_route=\/wp\/v2\/users\/1"}],"replies":[{"embeddable":true,"href":"http:\/\/gazetevizyon.com\/index.php?rest_route=%2Fwp%2Fv2%2Fcomments&post=17275"}],"version-history":[{"count":0,"href":"http:\/\/gazetevizyon.com\/index.php?rest_route=\/wp\/v2\/posts\/17275\/revisions"}],"wp:featuredmedia":[{"embeddable":true,"href":"http:\/\/gazetevizyon.com\/index.php?rest_route=\/wp\/v2\/media\/17276"}],"wp:attachment":[{"href":"http:\/\/gazetevizyon.com\/index.php?rest_route=%2Fwp%2Fv2%2Fmedia&parent=17275"}],"wp:term":[{"taxonomy":"category","embeddable":true,"href":"http:\/\/gazetevizyon.com\/index.php?rest_route=%2Fwp%2Fv2%2Fcategories&post=17275"},{"taxonomy":"post_tag","embeddable":true,"href":"http:\/\/gazetevizyon.com\/index.php?rest_route=%2Fwp%2Fv2%2Ftags&post=17275"}],"curies":[{"name":"wp","href":"https:\/\/api.w.org\/{rel}","templated":true}]}}