{"id":17293,"date":"2024-12-24T20:14:03","date_gmt":"2024-12-24T20:14:03","guid":{"rendered":"http:\/\/gazetevizyon.com\/?p=17293"},"modified":"2024-12-24T20:14:03","modified_gmt":"2024-12-24T20:14:03","slug":"ak-genclik-cumhurbaskani-erdoganin-balikesir-ziyaretiyle-heyecanini-dile-getirdi","status":"publish","type":"post","link":"http:\/\/gazetevizyon.com\/?p=17293","title":{"rendered":"Ak Gen\u00e7lik, Cumhurba\u015fkan\u0131 Erdo\u011fan&#8217;\u0131n Bal\u0131kesir Ziyaretiyle Heyecan\u0131n\u0131 Dile Getirdi"},"content":{"rendered":"<p>Ak Gen\u00e7lik Ayval\u0131k, d\u00fcnya liderimiz Cumhurba\u015fkan\u0131 Recep Tayyip Erdo\u011fan&#8217;\u0131n Bal\u0131kesir&#8217;e ziyaretiyle ilgili heyecan\u0131 dile getirdi. Ziyaret, 14:30&#8217;da Kurtdereli Spor Salonu&#8217;nda ger\u00e7ekle\u015fecek. Yerel halka umut ve moral vermesi beklenen etkinlik, Bal\u0131kesir ve \u00e7evresindeki vatanda\u015flar taraf\u0131ndan b\u00fcy\u00fck bir \u00f6nem ta\u015f\u0131yor. Kat\u0131l\u0131mc\u0131lar\u0131n yo\u011fun ilgi g\u00f6stermesi \u00f6ng\u00f6r\u00fcl\u00fcyor ve etkinli\u011fin toplumda birlik ve beraberlik duygusunu peki\u015ftirece\u011fi \u00f6ng\u00f6r\u00fcl\u00fcyor.<\/p>\n","protected":false},"excerpt":{"rendered":"<p>Ak Gen\u00e7lik Ayval\u0131k, d\u00fcnya liderimiz Cumhurba\u015fkan\u0131 Recep Tayyip Erdo\u011fan&#8217;\u0131n Bal\u0131kesir&#8217;e ziyaretiyle ilgili heyecan\u0131 dile getirdi. Ziyaret, 14:30&#8217;da Kurtdereli Spor Salonu&#8217;nda ger\u00e7ekle\u015fecek. Yerel halka umut ve moral vermesi beklenen etkinlik, Bal\u0131kesir ve \u00e7evresindeki vatanda\u015flar taraf\u0131ndan b\u00fcy\u00fck bir \u00f6nem ta\u015f\u0131yor. Kat\u0131l\u0131mc\u0131lar\u0131n yo\u011fun&#8230;<\/p>\n","protected":false},"author":1,"featured_media":17294,"comment_status":"closed","ping_status":"closed","sticky":false,"template":"","format":"standard","meta":{"footnotes":""},"categories":[23],"tags":[],"class_list":["post-17293","post","type-post","status-publish","format-standard","has-post-thumbnail","hentry","category-siyaset"],"_links":{"self":[{"href":"http:\/\/gazetevizyon.com\/index.php?rest_route=\/wp\/v2\/posts\/17293","targetHints":{"allow":["GET"]}}],"collection":[{"href":"http:\/\/gazetevizyon.com\/index.php?rest_route=\/wp\/v2\/posts"}],"about":[{"href":"http:\/\/gazetevizyon.com\/index.php?rest_route=\/wp\/v2\/types\/post"}],"author":[{"embeddable":true,"href":"http:\/\/gazetevizyon.com\/index.php?rest_route=\/wp\/v2\/users\/1"}],"replies":[{"embeddable":true,"href":"http:\/\/gazetevizyon.com\/index.php?rest_route=%2Fwp%2Fv2%2Fcomments&post=17293"}],"version-history":[{"count":0,"href":"http:\/\/gazetevizyon.com\/index.php?rest_route=\/wp\/v2\/posts\/17293\/revisions"}],"wp:featuredmedia":[{"embeddable":true,"href":"http:\/\/gazetevizyon.com\/index.php?rest_route=\/wp\/v2\/media\/17294"}],"wp:attachment":[{"href":"http:\/\/gazetevizyon.com\/index.php?rest_route=%2Fwp%2Fv2%2Fmedia&parent=17293"}],"wp:term":[{"taxonomy":"category","embeddable":true,"href":"http:\/\/gazetevizyon.com\/index.php?rest_route=%2Fwp%2Fv2%2Fcategories&post=17293"},{"taxonomy":"post_tag","embeddable":true,"href":"http:\/\/gazetevizyon.com\/index.php?rest_route=%2Fwp%2Fv2%2Ftags&post=17293"}],"curies":[{"name":"wp","href":"https:\/\/api.w.org\/{rel}","templated":true}]}}