{"id":17363,"date":"2024-12-25T02:45:22","date_gmt":"2024-12-25T02:45:22","guid":{"rendered":"http:\/\/gazetevizyon.com\/?p=17363"},"modified":"2024-12-25T02:45:22","modified_gmt":"2024-12-25T02:45:22","slug":"istiklal-marsini-guzel-okuma-siir-yarismasi-gerceklestirildi","status":"publish","type":"post","link":"http:\/\/gazetevizyon.com\/?p=17363","title":{"rendered":"\u0130stiklal Mar\u015f\u0131&#8217;n\u0131 G\u00fczel Okuma \u015eiir Yar\u0131\u015fmas\u0131 Ger\u00e7ekle\u015ftirildi"},"content":{"rendered":"<p>\u00dclkemizin ba\u011f\u0131ms\u0131zl\u0131k sembol\u00fc olan \u0130stiklal Mar\u015f\u0131&#8217;n\u0131n kabul\u00fc ve Mehmet Akif Ersoy&#8217;u anmak amac\u0131yla d\u00fczenlenen &#8220;\u0130stiklal Mar\u015f\u0131n\u0131 G\u00fczel Okuma \u015eiir Yar\u0131\u015fmas\u0131&#8221; ger\u00e7ekle\u015ftirildi. <\/p>\n<p>Yer ve Kat\u0131l\u0131mc\u0131lar<\/p>\n<p>Etkinlik, Atat\u00fcrk \u0130lkokulu&#8217;nun konferans salonunda yap\u0131ld\u0131. Yar\u0131\u015fmaya, \u0130l\u00e7e Milli E\u011fitim \u015eube M\u00fcd\u00fcr\u00fc Talip Karp\u0131nar, okul m\u00fcd\u00fcrleri, \u00f6\u011fretmenler, \u00f6\u011frenciler ve veliler kat\u0131ld\u0131. <\/p>\n<p>Yar\u0131\u015fman\u0131n Amac\u0131<\/p>\n<p>Bu etkinlik, \u00f6\u011frencilerin \u0130stiklal Mar\u015f\u0131\u2019n\u0131n derin anlam\u0131n\u0131 ve Kurtulu\u015f Sava\u015f\u0131\u2019n\u0131n tarihsel \u00f6nemini kavramalar\u0131n\u0131 sa\u011flamak amac\u0131yla d\u00fczenlendi. Ortaokul ve ilkokul d\u00fczeyinde birinci olan \u00f6\u011frenciler, yar\u0131\u015fmaya kat\u0131lma f\u0131rsat\u0131 buldu. <\/p>\n<p>\u00d6\u011frencilerin \u0130stiklal Mar\u015f\u0131 ile olan ba\u011flar\u0131n\u0131 g\u00fc\u00e7lendiren bu organizasyon, ayn\u0131 zamanda milli bilincin peki\u015fmesine katk\u0131da bulundu.<\/p>\n","protected":false},"excerpt":{"rendered":"<p>\u00dclkemizin ba\u011f\u0131ms\u0131zl\u0131k sembol\u00fc olan \u0130stiklal Mar\u015f\u0131&#8217;n\u0131n kabul\u00fc ve Mehmet Akif Ersoy&#8217;u anmak amac\u0131yla d\u00fczenlenen &#8220;\u0130stiklal Mar\u015f\u0131n\u0131 G\u00fczel Okuma \u015eiir Yar\u0131\u015fmas\u0131&#8221; ger\u00e7ekle\u015ftirildi. Yer ve Kat\u0131l\u0131mc\u0131lar Etkinlik, Atat\u00fcrk \u0130lkokulu&#8217;nun konferans salonunda yap\u0131ld\u0131. Yar\u0131\u015fmaya, \u0130l\u00e7e Milli E\u011fitim \u015eube M\u00fcd\u00fcr\u00fc Talip Karp\u0131nar, okul m\u00fcd\u00fcrleri,&#8230;<\/p>\n","protected":false},"author":1,"featured_media":17364,"comment_status":"closed","ping_status":"closed","sticky":false,"template":"","format":"standard","meta":{"footnotes":""},"categories":[27],"tags":[],"class_list":["post-17363","post","type-post","status-publish","format-standard","has-post-thumbnail","hentry","category-egitim"],"_links":{"self":[{"href":"http:\/\/gazetevizyon.com\/index.php?rest_route=\/wp\/v2\/posts\/17363","targetHints":{"allow":["GET"]}}],"collection":[{"href":"http:\/\/gazetevizyon.com\/index.php?rest_route=\/wp\/v2\/posts"}],"about":[{"href":"http:\/\/gazetevizyon.com\/index.php?rest_route=\/wp\/v2\/types\/post"}],"author":[{"embeddable":true,"href":"http:\/\/gazetevizyon.com\/index.php?rest_route=\/wp\/v2\/users\/1"}],"replies":[{"embeddable":true,"href":"http:\/\/gazetevizyon.com\/index.php?rest_route=%2Fwp%2Fv2%2Fcomments&post=17363"}],"version-history":[{"count":0,"href":"http:\/\/gazetevizyon.com\/index.php?rest_route=\/wp\/v2\/posts\/17363\/revisions"}],"wp:featuredmedia":[{"embeddable":true,"href":"http:\/\/gazetevizyon.com\/index.php?rest_route=\/wp\/v2\/media\/17364"}],"wp:attachment":[{"href":"http:\/\/gazetevizyon.com\/index.php?rest_route=%2Fwp%2Fv2%2Fmedia&parent=17363"}],"wp:term":[{"taxonomy":"category","embeddable":true,"href":"http:\/\/gazetevizyon.com\/index.php?rest_route=%2Fwp%2Fv2%2Fcategories&post=17363"},{"taxonomy":"post_tag","embeddable":true,"href":"http:\/\/gazetevizyon.com\/index.php?rest_route=%2Fwp%2Fv2%2Ftags&post=17363"}],"curies":[{"name":"wp","href":"https:\/\/api.w.org\/{rel}","templated":true}]}}