{"id":17397,"date":"2024-12-25T05:36:41","date_gmt":"2024-12-25T05:36:41","guid":{"rendered":"http:\/\/gazetevizyon.com\/?p=17397"},"modified":"2024-12-25T05:36:41","modified_gmt":"2024-12-25T05:36:41","slug":"bakanlar-yaralilari-ziyaret-etti","status":"publish","type":"post","link":"http:\/\/gazetevizyon.com\/?p=17397","title":{"rendered":"Bakanlar Yaral\u0131lar\u0131 Ziyaret Etti"},"content":{"rendered":"<p>Bug\u00fcn Karesi&#8217;de ya\u015fanan bir olay sonras\u0131, \u0130\u00e7i\u015fleri Bakan\u0131 Ali Yerlikaya, \u00c7al\u0131\u015fma ve Sosyal G\u00fcvenlik Bakan\u0131 Vedat I\u015f\u0131khan ve Milli Savunma Bakan\u0131 Ya\u015far G\u00fcler yaral\u0131 vatanda\u015flar\u0131 ziyaret etti.<\/p>\n<p>Yaral\u0131lar hastanede tedavi alt\u0131ndayken, bakanlar ge\u00e7mi\u015f olsun dileklerini iletti ve sa\u011fl\u0131k durumlar\u0131 hakk\u0131nda bilgi ald\u0131.<\/p>\n<p>Ya\u015fanan bu \u00fcz\u00fcc\u00fc olay i\u00e7in &#8220;Bu zor g\u00fcnleri dayan\u0131\u015fma ve birlik i\u00e7inde a\u015faca\u011f\u0131m\u0131za inanc\u0131m\u0131z tamd\u0131r&#8221; a\u00e7\u0131klamas\u0131nda bulunuldu. Bakanlar, Allah&#8217;tan yaral\u0131lar i\u00e7in acil \u015fifalar dilediklerini ifade etti.<\/p>\n","protected":false},"excerpt":{"rendered":"<p>Bug\u00fcn Karesi&#8217;de ya\u015fanan bir olay sonras\u0131, \u0130\u00e7i\u015fleri Bakan\u0131 Ali Yerlikaya, \u00c7al\u0131\u015fma ve Sosyal G\u00fcvenlik Bakan\u0131 Vedat I\u015f\u0131khan ve Milli Savunma Bakan\u0131 Ya\u015far G\u00fcler yaral\u0131 vatanda\u015flar\u0131 ziyaret etti. Yaral\u0131lar hastanede tedavi alt\u0131ndayken, bakanlar ge\u00e7mi\u015f olsun dileklerini iletti ve sa\u011fl\u0131k durumlar\u0131 hakk\u0131nda&#8230;<\/p>\n","protected":false},"author":1,"featured_media":17398,"comment_status":"closed","ping_status":"closed","sticky":false,"template":"","format":"standard","meta":{"footnotes":""},"categories":[23],"tags":[],"class_list":["post-17397","post","type-post","status-publish","format-standard","has-post-thumbnail","hentry","category-siyaset"],"_links":{"self":[{"href":"http:\/\/gazetevizyon.com\/index.php?rest_route=\/wp\/v2\/posts\/17397","targetHints":{"allow":["GET"]}}],"collection":[{"href":"http:\/\/gazetevizyon.com\/index.php?rest_route=\/wp\/v2\/posts"}],"about":[{"href":"http:\/\/gazetevizyon.com\/index.php?rest_route=\/wp\/v2\/types\/post"}],"author":[{"embeddable":true,"href":"http:\/\/gazetevizyon.com\/index.php?rest_route=\/wp\/v2\/users\/1"}],"replies":[{"embeddable":true,"href":"http:\/\/gazetevizyon.com\/index.php?rest_route=%2Fwp%2Fv2%2Fcomments&post=17397"}],"version-history":[{"count":0,"href":"http:\/\/gazetevizyon.com\/index.php?rest_route=\/wp\/v2\/posts\/17397\/revisions"}],"wp:featuredmedia":[{"embeddable":true,"href":"http:\/\/gazetevizyon.com\/index.php?rest_route=\/wp\/v2\/media\/17398"}],"wp:attachment":[{"href":"http:\/\/gazetevizyon.com\/index.php?rest_route=%2Fwp%2Fv2%2Fmedia&parent=17397"}],"wp:term":[{"taxonomy":"category","embeddable":true,"href":"http:\/\/gazetevizyon.com\/index.php?rest_route=%2Fwp%2Fv2%2Fcategories&post=17397"},{"taxonomy":"post_tag","embeddable":true,"href":"http:\/\/gazetevizyon.com\/index.php?rest_route=%2Fwp%2Fv2%2Ftags&post=17397"}],"curies":[{"name":"wp","href":"https:\/\/api.w.org\/{rel}","templated":true}]}}