{"id":17501,"date":"2024-12-26T13:52:34","date_gmt":"2024-12-26T13:52:34","guid":{"rendered":"http:\/\/gazetevizyon.com\/?p=17501"},"modified":"2024-12-26T13:52:34","modified_gmt":"2024-12-26T13:52:34","slug":"bandirma-onyedi-eylul-universitesi-marmara-bolgesinde-kariyer-fuari-duzenliyor","status":"publish","type":"post","link":"http:\/\/gazetevizyon.com\/?p=17501","title":{"rendered":"Band\u0131rma Onyedi Eyl\u00fcl \u00dcniversitesi, Marmara B\u00f6lgesi&#8217;nde Kariyer Fuar\u0131 D\u00fczenliyor"},"content":{"rendered":"<p>Band\u0131rma Onyedi Eyl\u00fcl \u00dcniversitesi, Cumhurba\u015fkanl\u0131\u011f\u0131 \u0130nsan Kaynaklar\u0131 Ofisi\u2019nin deste\u011fiyle Marmara B\u00f6lgesi\u2019nde bulunan \u00f6\u011frencilere y\u00f6nelik bir kariyer fuar\u0131n\u0131n haz\u0131rl\u0131klar\u0131n\u0131 s\u00fcrd\u00fcr\u00fcyor. \u00c7anakkale Onsekiz Mart \u00dcniversitesi&#8217;nin ev sahipli\u011finde ger\u00e7ekle\u015ftirilecek olan Trakya Kariyer Fuar\u0131 i\u00e7in organizasyon toplant\u0131s\u0131 yap\u0131ld\u0131.<\/p>\n<p>Toplant\u0131, Band\u0131rma Onyedi Eyl\u00fcl \u00dcniversitesi&#8217;nin Farabi Toplant\u0131 Salonu&#8217;nda ger\u00e7ekle\u015ftirildi. Toplant\u0131ya Band\u0131rma Kaymakam\u0131 Engin Aksakal, \u00c7anakkale Onsekiz Mart \u00dcniversitesi Rekt\u00f6r\u00fc Prof. Dr. Ramazan C\u00fcneyt Ereno\u011flu, Band\u0131rma Ticaret Borsas\u0131 Ba\u015fkan\u0131 Can Ata, T\u00dcB TrakyaKaf Koordinat\u00f6r\u00fc Do\u00e7. Dr. \u00dcnzile Kurt, Koordinat\u00f6r Yard\u0131mc\u0131s\u0131 Do\u00e7. Dr. Erdal Ayd\u0131n ve T\u00dcB TrakyaKaf Sekreteri Mine Esirgemez kat\u0131ld\u0131.<\/p>\n<p>Toplant\u0131da, 17-18 \u015eubat 2025 tarihlerinde \u00c7anakkale Onsekiz Mart \u00dcniversitesi \u0130\u00c7DA\u015e Kongre Merkezi&#8217;nde ger\u00e7ekle\u015ftirilecek olan fuara ili\u015fkin detaylar g\u00f6r\u00fc\u015f\u00fcld\u00fc. Organizat\u00f6rler, fuar\u0131n ba\u015far\u0131l\u0131 bir \u015fekilde ge\u00e7mesi i\u00e7in gerekli yol haritas\u0131n\u0131 olu\u015fturmak \u00fczere bir araya geldi.<\/p>\n<p>Toplant\u0131n\u0131n d\u00fczenlenmesinde katk\u0131 sa\u011flayan Rekt\u00f6r Yard\u0131mc\u0131lar\u0131 Prof. Dr. Alpaslan Serel, Prof. Dr. Ebru Kaya Mutlu ve Prof. Dr. Mehmet Emin Er\u00e7akar\u2019a, ayr\u0131ca t\u00fcm akademik ve idari personele te\u015fekk\u00fcr edildi.<\/p>\n","protected":false},"excerpt":{"rendered":"<p>Band\u0131rma Onyedi Eyl\u00fcl \u00dcniversitesi, Cumhurba\u015fkanl\u0131\u011f\u0131 \u0130nsan Kaynaklar\u0131 Ofisi\u2019nin deste\u011fiyle Marmara B\u00f6lgesi\u2019nde bulunan \u00f6\u011frencilere y\u00f6nelik bir kariyer fuar\u0131n\u0131n haz\u0131rl\u0131klar\u0131n\u0131 s\u00fcrd\u00fcr\u00fcyor. \u00c7anakkale Onsekiz Mart \u00dcniversitesi&#8217;nin ev sahipli\u011finde ger\u00e7ekle\u015ftirilecek olan Trakya Kariyer Fuar\u0131 i\u00e7in organizasyon toplant\u0131s\u0131 yap\u0131ld\u0131. Toplant\u0131, Band\u0131rma Onyedi Eyl\u00fcl \u00dcniversitesi&#8217;nin Farabi&#8230;<\/p>\n","protected":false},"author":1,"featured_media":17502,"comment_status":"closed","ping_status":"closed","sticky":false,"template":"","format":"standard","meta":{"footnotes":""},"categories":[27],"tags":[],"class_list":["post-17501","post","type-post","status-publish","format-standard","has-post-thumbnail","hentry","category-egitim"],"_links":{"self":[{"href":"http:\/\/gazetevizyon.com\/index.php?rest_route=\/wp\/v2\/posts\/17501","targetHints":{"allow":["GET"]}}],"collection":[{"href":"http:\/\/gazetevizyon.com\/index.php?rest_route=\/wp\/v2\/posts"}],"about":[{"href":"http:\/\/gazetevizyon.com\/index.php?rest_route=\/wp\/v2\/types\/post"}],"author":[{"embeddable":true,"href":"http:\/\/gazetevizyon.com\/index.php?rest_route=\/wp\/v2\/users\/1"}],"replies":[{"embeddable":true,"href":"http:\/\/gazetevizyon.com\/index.php?rest_route=%2Fwp%2Fv2%2Fcomments&post=17501"}],"version-history":[{"count":0,"href":"http:\/\/gazetevizyon.com\/index.php?rest_route=\/wp\/v2\/posts\/17501\/revisions"}],"wp:featuredmedia":[{"embeddable":true,"href":"http:\/\/gazetevizyon.com\/index.php?rest_route=\/wp\/v2\/media\/17502"}],"wp:attachment":[{"href":"http:\/\/gazetevizyon.com\/index.php?rest_route=%2Fwp%2Fv2%2Fmedia&parent=17501"}],"wp:term":[{"taxonomy":"category","embeddable":true,"href":"http:\/\/gazetevizyon.com\/index.php?rest_route=%2Fwp%2Fv2%2Fcategories&post=17501"},{"taxonomy":"post_tag","embeddable":true,"href":"http:\/\/gazetevizyon.com\/index.php?rest_route=%2Fwp%2Fv2%2Ftags&post=17501"}],"curies":[{"name":"wp","href":"https:\/\/api.w.org\/{rel}","templated":true}]}}