{"id":17543,"date":"2024-12-26T21:03:46","date_gmt":"2024-12-26T21:03:46","guid":{"rendered":"http:\/\/gazetevizyon.com\/?p=17543"},"modified":"2024-12-26T21:03:46","modified_gmt":"2024-12-26T21:03:46","slug":"gelecegin-kahramanlari-tarih-bilinciyle-bulusuyor","status":"publish","type":"post","link":"http:\/\/gazetevizyon.com\/?p=17543","title":{"rendered":"Gelece\u011fin Kahramanlar\u0131 Tarih Bilinciyle Bulu\u015fuyor"},"content":{"rendered":"<p>Bal\u0131kesir\u2019de, Seyit Onba\u015f\u0131&#8217;n\u0131n an\u0131s\u0131na d\u00fczenlenen resim ve kompozisyon yazma yar\u0131\u015fmalar\u0131n\u0131n sonu\u00e7lar\u0131 a\u00e7\u0131kland\u0131. Bu etkinlikler, M\u00fcd\u00fcrl\u00fc\u011f\u00fcn AR-GE birimi taraf\u0131ndan koordine edilen &#8220;\u015eehrime ve K\u00fclt\u00fcr\u00fcme Sahip \u00c7\u0131k\u0131yorum Projesi&#8221; kapsam\u0131nda ger\u00e7ekle\u015ftirildi. <\/p>\n<p> Yar\u0131\u015fmalar, \u00c7anakkale Sava\u015f\u0131 s\u0131ras\u0131nda Mecidiye Tabyas\u0131&#8217;nda g\u00f6rev yapan Seyit Onba\u015f\u0131&#8217;n\u0131n kahramanl\u0131k hikayesini gen\u00e7ler arac\u0131l\u0131\u011f\u0131yla yeniden canland\u0131rmay\u0131 ama\u00e7lad\u0131. Seyit Onba\u015f\u0131, 276 kilograml\u0131k bir top mermisini s\u0131rtlayarak d\u00fc\u015fman donanmas\u0131n\u0131n en b\u00fcy\u00fck gemilerinden birini bat\u0131rm\u0131\u015f ve bu sayede tarihi bir ba\u015far\u0131ya imza atm\u0131\u015ft\u0131. <\/p>\n<p> Bu y\u0131l da b\u00fcy\u00fck ilgi g\u00f6ren etkinlik, kat\u0131l\u0131mc\u0131lar\u0131n tarihine ve k\u00fclt\u00fcr\u00fcne olan ba\u011fl\u0131l\u0131klar\u0131n\u0131 g\u00f6zler \u00f6n\u00fcne serdi. Yar\u0131\u015fmaya kat\u0131lan \u00f6\u011frenciler, Seyit Onba\u015f\u0131&#8217;n\u0131n azmi ve cesaretini eserlerinde yans\u0131tt\u0131lar. <\/p>\n<p> Yar\u0131\u015fman\u0131n detaylar\u0131 ve sonu\u00e7lar\u0131na eri\u015fmek i\u00e7in ilgili web adresini ziyaret edebilirsiniz.<\/p>\n","protected":false},"excerpt":{"rendered":"<p>Bal\u0131kesir\u2019de, Seyit Onba\u015f\u0131&#8217;n\u0131n an\u0131s\u0131na d\u00fczenlenen resim ve kompozisyon yazma yar\u0131\u015fmalar\u0131n\u0131n sonu\u00e7lar\u0131 a\u00e7\u0131kland\u0131. Bu etkinlikler, M\u00fcd\u00fcrl\u00fc\u011f\u00fcn AR-GE birimi taraf\u0131ndan koordine edilen &#8220;\u015eehrime ve K\u00fclt\u00fcr\u00fcme Sahip \u00c7\u0131k\u0131yorum Projesi&#8221; kapsam\u0131nda ger\u00e7ekle\u015ftirildi. Yar\u0131\u015fmalar, \u00c7anakkale Sava\u015f\u0131 s\u0131ras\u0131nda Mecidiye Tabyas\u0131&#8217;nda g\u00f6rev yapan Seyit Onba\u015f\u0131&#8217;n\u0131n kahramanl\u0131k hikayesini&#8230;<\/p>\n","protected":false},"author":1,"featured_media":17544,"comment_status":"closed","ping_status":"closed","sticky":false,"template":"","format":"standard","meta":{"footnotes":""},"categories":[27],"tags":[],"class_list":["post-17543","post","type-post","status-publish","format-standard","has-post-thumbnail","hentry","category-egitim"],"_links":{"self":[{"href":"http:\/\/gazetevizyon.com\/index.php?rest_route=\/wp\/v2\/posts\/17543","targetHints":{"allow":["GET"]}}],"collection":[{"href":"http:\/\/gazetevizyon.com\/index.php?rest_route=\/wp\/v2\/posts"}],"about":[{"href":"http:\/\/gazetevizyon.com\/index.php?rest_route=\/wp\/v2\/types\/post"}],"author":[{"embeddable":true,"href":"http:\/\/gazetevizyon.com\/index.php?rest_route=\/wp\/v2\/users\/1"}],"replies":[{"embeddable":true,"href":"http:\/\/gazetevizyon.com\/index.php?rest_route=%2Fwp%2Fv2%2Fcomments&post=17543"}],"version-history":[{"count":0,"href":"http:\/\/gazetevizyon.com\/index.php?rest_route=\/wp\/v2\/posts\/17543\/revisions"}],"wp:featuredmedia":[{"embeddable":true,"href":"http:\/\/gazetevizyon.com\/index.php?rest_route=\/wp\/v2\/media\/17544"}],"wp:attachment":[{"href":"http:\/\/gazetevizyon.com\/index.php?rest_route=%2Fwp%2Fv2%2Fmedia&parent=17543"}],"wp:term":[{"taxonomy":"category","embeddable":true,"href":"http:\/\/gazetevizyon.com\/index.php?rest_route=%2Fwp%2Fv2%2Fcategories&post=17543"},{"taxonomy":"post_tag","embeddable":true,"href":"http:\/\/gazetevizyon.com\/index.php?rest_route=%2Fwp%2Fv2%2Ftags&post=17543"}],"curies":[{"name":"wp","href":"https:\/\/api.w.org\/{rel}","templated":true}]}}