{"id":17705,"date":"2024-12-28T19:30:41","date_gmt":"2024-12-28T19:30:41","guid":{"rendered":"http:\/\/gazetevizyon.com\/?p=17705"},"modified":"2024-12-28T19:30:41","modified_gmt":"2024-12-28T19:30:41","slug":"balikesirde-genclik-politikalari-belirleniyor","status":"publish","type":"post","link":"http:\/\/gazetevizyon.com\/?p=17705","title":{"rendered":"Bal\u0131kesir&#8217;de Gen\u00e7lik Politikalar\u0131 Belirleniyor"},"content":{"rendered":"<p>Bal\u0131kesir Kent Konseyi Gen\u00e7lik Meclisi, Gen\u00e7lik ve Spor Bakanl\u0131\u011f\u0131&#8217;n\u0131n d\u00fczenledi\u011fi Gen\u00e7lik Politika Belgesi Vizyon \u00c7al\u0131\u015ftay\u0131&#8217;na kat\u0131ld\u0131. Bu etkinlik, 81 ilde e\u015f zamanl\u0131 olarak ger\u00e7ekle\u015ftirildi ve geni\u015f bir kat\u0131l\u0131mla Bal\u0131kesir&#8217;de yap\u0131ld\u0131. <\/p>\n<p>\u00c7al\u0131\u015ftay\u0131n amac\u0131, gen\u00e7lerin ihtiya\u00e7lar\u0131na y\u00f6nelik politikalar\u0131n geli\u015ftirilmesi ve topluma daha aktif kat\u0131l\u0131mlar\u0131n\u0131 sa\u011flayacak projelerin belirlenmesiydi. <\/p>\n<p>Etkinlikte, Afet Y\u00f6netimi, Dayan\u0131kl\u0131l\u0131k, Bilim ve Teknoloji, \u00c7evre ve \u0130klim, De\u011ferler E\u011fitimi, Hayat Boyu \u00d6\u011frenme, Gen\u00e7lik Bilgilendirmesi, Gen\u00e7lik Sa\u011fl\u0131\u011f\u0131, \u0130stihdam ve Giri\u015fimcilik, Kat\u0131l\u0131m ve Sivil Toplum, Sosyal Kapsay\u0131c\u0131l\u0131k, Uluslararas\u0131 Gen\u00e7lik \u00c7al\u0131\u015fmalar\u0131 gibi \u00e7e\u015fitli \u00f6nemli konular ele al\u0131nd\u0131. <\/p>\n<p>Gen\u00e7lerin beklentileri ve ihtiya\u00e7lar\u0131 do\u011frultusunda yap\u0131lan isti\u015fareler, gelecekteki politikalar\u0131n \u015fekillendirilmesine \u0131\u015f\u0131k tutacak fikirlerin ortaya \u00e7\u0131kmas\u0131n\u0131 sa\u011flad\u0131. \u00c7al\u0131\u015ftay, gen\u00e7lerin sorunlar\u0131n\u0131 ve \u00e7\u00f6z\u00fcm \u00f6nerilerini payla\u015fmalar\u0131 a\u00e7\u0131s\u0131ndan verimli bir platform sundu.<\/p>\n","protected":false},"excerpt":{"rendered":"<p>Bal\u0131kesir Kent Konseyi Gen\u00e7lik Meclisi, Gen\u00e7lik ve Spor Bakanl\u0131\u011f\u0131&#8217;n\u0131n d\u00fczenledi\u011fi Gen\u00e7lik Politika Belgesi Vizyon \u00c7al\u0131\u015ftay\u0131&#8217;na kat\u0131ld\u0131. Bu etkinlik, 81 ilde e\u015f zamanl\u0131 olarak ger\u00e7ekle\u015ftirildi ve geni\u015f bir kat\u0131l\u0131mla Bal\u0131kesir&#8217;de yap\u0131ld\u0131. \u00c7al\u0131\u015ftay\u0131n amac\u0131, gen\u00e7lerin ihtiya\u00e7lar\u0131na y\u00f6nelik politikalar\u0131n geli\u015ftirilmesi ve topluma daha&#8230;<\/p>\n","protected":false},"author":1,"featured_media":17706,"comment_status":"closed","ping_status":"closed","sticky":false,"template":"","format":"standard","meta":{"footnotes":""},"categories":[36],"tags":[],"class_list":["post-17705","post","type-post","status-publish","format-standard","has-post-thumbnail","hentry","category-manset"],"_links":{"self":[{"href":"http:\/\/gazetevizyon.com\/index.php?rest_route=\/wp\/v2\/posts\/17705","targetHints":{"allow":["GET"]}}],"collection":[{"href":"http:\/\/gazetevizyon.com\/index.php?rest_route=\/wp\/v2\/posts"}],"about":[{"href":"http:\/\/gazetevizyon.com\/index.php?rest_route=\/wp\/v2\/types\/post"}],"author":[{"embeddable":true,"href":"http:\/\/gazetevizyon.com\/index.php?rest_route=\/wp\/v2\/users\/1"}],"replies":[{"embeddable":true,"href":"http:\/\/gazetevizyon.com\/index.php?rest_route=%2Fwp%2Fv2%2Fcomments&post=17705"}],"version-history":[{"count":0,"href":"http:\/\/gazetevizyon.com\/index.php?rest_route=\/wp\/v2\/posts\/17705\/revisions"}],"wp:featuredmedia":[{"embeddable":true,"href":"http:\/\/gazetevizyon.com\/index.php?rest_route=\/wp\/v2\/media\/17706"}],"wp:attachment":[{"href":"http:\/\/gazetevizyon.com\/index.php?rest_route=%2Fwp%2Fv2%2Fmedia&parent=17705"}],"wp:term":[{"taxonomy":"category","embeddable":true,"href":"http:\/\/gazetevizyon.com\/index.php?rest_route=%2Fwp%2Fv2%2Fcategories&post=17705"},{"taxonomy":"post_tag","embeddable":true,"href":"http:\/\/gazetevizyon.com\/index.php?rest_route=%2Fwp%2Fv2%2Ftags&post=17705"}],"curies":[{"name":"wp","href":"https:\/\/api.w.org\/{rel}","templated":true}]}}