{"id":17919,"date":"2024-12-31T23:19:03","date_gmt":"2024-12-31T23:19:03","guid":{"rendered":"http:\/\/gazetevizyon.com\/?p=17919"},"modified":"2024-12-31T23:19:03","modified_gmt":"2024-12-31T23:19:03","slug":"balikesir-kent-konseyi-chp-temsilcileriyle-onemli-bir-ziyareti-gerceklestirdi","status":"publish","type":"post","link":"http:\/\/gazetevizyon.com\/?p=17919","title":{"rendered":"Bal\u0131kesir Kent Konseyi, CHP Temsilcileriyle \u00d6nemli Bir Ziyareti Ger\u00e7ekle\u015ftirdi"},"content":{"rendered":"<p>Bal\u0131kesir Kent Konseyi, CHP Kad\u0131n Kollar\u0131 Genel Ba\u015fkan Yard\u0131mc\u0131s\u0131 H\u00fcrm\u00fcz Avc\u0131 ve CHP Bal\u0131kesir Milletvekili Serkan Sar\u0131&#8217;n\u0131n kat\u0131l\u0131m\u0131yla \u00f6nemli bir ziyarete ev sahipli\u011fi yapt\u0131. <\/p>\n<p>Ziyaret, Bal\u0131kesir Kent Konseyi Ba\u015fkan\u0131 Sevin\u00e7 Baykan \u00d6zdene&#8217;nin ofisinde ger\u00e7ekle\u015fti. Toplant\u0131ya kat\u0131lan misafirler, Bal\u0131kesir&#8217;in toplumsal ve k\u00fclt\u00fcrel geli\u015fimine dair g\u00f6r\u00fc\u015f al\u0131\u015fveri\u015finde bulundular. Kent Konseyi&#8217;nin mevcut \u00e7al\u0131\u015fmalar\u0131 hakk\u0131nda bilgi al\u0131nd\u0131 ve gelecekteki projeleri \u00fczerinde fikir payla\u015f\u0131m\u0131nda bulunuldu.<\/p>\n<p>Bu bulu\u015fma, kentin sosyal yap\u0131s\u0131n\u0131 g\u00fc\u00e7lendirmeye y\u00f6nelik \u00e7e\u015fitli projelerin hayata ge\u00e7irilmesi i\u00e7in bir platform olu\u015fturdu. CHP temsilcileri, Kent Konseyi&#8217;nin \u00e7al\u0131\u015fmalar\u0131na destek vereceklerini belirterek, bu t\u00fcr i\u015f birli\u011finin \u00f6nemine vurgu yapt\u0131lar.<\/p>\n","protected":false},"excerpt":{"rendered":"<p>Bal\u0131kesir Kent Konseyi, CHP Kad\u0131n Kollar\u0131 Genel Ba\u015fkan Yard\u0131mc\u0131s\u0131 H\u00fcrm\u00fcz Avc\u0131 ve CHP Bal\u0131kesir Milletvekili Serkan Sar\u0131&#8217;n\u0131n kat\u0131l\u0131m\u0131yla \u00f6nemli bir ziyarete ev sahipli\u011fi yapt\u0131. Ziyaret, Bal\u0131kesir Kent Konseyi Ba\u015fkan\u0131 Sevin\u00e7 Baykan \u00d6zdene&#8217;nin ofisinde ger\u00e7ekle\u015fti. Toplant\u0131ya kat\u0131lan misafirler, Bal\u0131kesir&#8217;in toplumsal ve&#8230;<\/p>\n","protected":false},"author":1,"featured_media":17920,"comment_status":"closed","ping_status":"closed","sticky":false,"template":"","format":"standard","meta":{"footnotes":""},"categories":[36],"tags":[],"class_list":["post-17919","post","type-post","status-publish","format-standard","has-post-thumbnail","hentry","category-manset"],"_links":{"self":[{"href":"http:\/\/gazetevizyon.com\/index.php?rest_route=\/wp\/v2\/posts\/17919","targetHints":{"allow":["GET"]}}],"collection":[{"href":"http:\/\/gazetevizyon.com\/index.php?rest_route=\/wp\/v2\/posts"}],"about":[{"href":"http:\/\/gazetevizyon.com\/index.php?rest_route=\/wp\/v2\/types\/post"}],"author":[{"embeddable":true,"href":"http:\/\/gazetevizyon.com\/index.php?rest_route=\/wp\/v2\/users\/1"}],"replies":[{"embeddable":true,"href":"http:\/\/gazetevizyon.com\/index.php?rest_route=%2Fwp%2Fv2%2Fcomments&post=17919"}],"version-history":[{"count":0,"href":"http:\/\/gazetevizyon.com\/index.php?rest_route=\/wp\/v2\/posts\/17919\/revisions"}],"wp:featuredmedia":[{"embeddable":true,"href":"http:\/\/gazetevizyon.com\/index.php?rest_route=\/wp\/v2\/media\/17920"}],"wp:attachment":[{"href":"http:\/\/gazetevizyon.com\/index.php?rest_route=%2Fwp%2Fv2%2Fmedia&parent=17919"}],"wp:term":[{"taxonomy":"category","embeddable":true,"href":"http:\/\/gazetevizyon.com\/index.php?rest_route=%2Fwp%2Fv2%2Fcategories&post=17919"},{"taxonomy":"post_tag","embeddable":true,"href":"http:\/\/gazetevizyon.com\/index.php?rest_route=%2Fwp%2Fv2%2Ftags&post=17919"}],"curies":[{"name":"wp","href":"https:\/\/api.w.org\/{rel}","templated":true}]}}