{"id":17991,"date":"2025-01-01T16:51:16","date_gmt":"2025-01-01T16:51:16","guid":{"rendered":"http:\/\/gazetevizyon.com\/?p=17991"},"modified":"2025-01-01T16:51:16","modified_gmt":"2025-01-01T16:51:16","slug":"2025-yili-icin-umut-dolu-mesajlar","status":"publish","type":"post","link":"http:\/\/gazetevizyon.com\/?p=17991","title":{"rendered":"2025 Y\u0131l\u0131 \u0130\u00e7in Umut Dolu Mesajlar"},"content":{"rendered":"<p>CHP Bal\u0131kesir Milletvekili Serkan Sar\u0131, 2025 y\u0131l\u0131na y\u00f6nelik umut dolu mesajlar payla\u015ft\u0131. Sar\u0131, bu y\u0131l\u0131n, adaletin tesis edildi\u011fi, halk\u0131n refah\u0131 ve \u00f6zg\u00fcrl\u00fc\u011f\u00fc i\u00e7in kararl\u0131l\u0131kla m\u00fccadele edilen bir d\u00f6nem olmas\u0131n\u0131 temenni etti.<\/p>\n<p>Ekonomik Kriz ve Adaletsizlikle M\u00fccadele<\/p>\n<p>Ak\u015famdan ak\u015fama derinle\u015fen ekonomik krizin, adaletsizlik ve keyfi y\u00f6netim anlay\u0131\u015f\u0131n\u0131n toplum \u00fczerindeki olumsuz etkilerine dikkat \u00e7eken Sar\u0131, halk\u0131n huzur, e\u015fitlik ve refah i\u00e7in daha fazla beklemek zorunda olmad\u0131\u011f\u0131n\u0131 ifade etti. Bu sorunlar\u0131n \u00e7\u00f6z\u00fcm\u00fc i\u00e7in m\u00fccadelelerin s\u00fcrece\u011fini vurgulad\u0131.<\/p>\n<p>Yeni Bir D\u00f6nem Ba\u015flatmak<\/p>\n<p>Sar\u0131, 2025 y\u0131l\u0131n\u0131n, halk\u0131n iradesinin galip geldi\u011fi, liyakat ve hakkaniyetin yeniden h\u00fck\u00fcm s\u00fcrd\u00fc\u011f\u00fc bir d\u00f6nem olarak de\u011ferlendirilece\u011fini belirtti. Bu yeni y\u0131lda, umutlar\u0131n tazelenece\u011fini ve kararl\u0131l\u0131kla \u00e7al\u0131\u015fman\u0131n \u00f6nemine dikkat \u00e7ekti. <\/p>\n<p>Birlikte Adil Bir T\u00fcrkiye \u0130\u00e7in \u00c7a\u011fr\u0131<\/p>\n<p>Milletvekili Serkan Sar\u0131, herkesin bu yeni y\u0131l i\u00e7in el birli\u011fiyle \u00e7al\u0131\u015farak e\u015fit ve adil bir T\u00fcrkiye in\u015fa etmeye davet etti. Mesaj\u0131na, t\u00fcm vatanda\u015flar\u0131n yeni y\u0131l\u0131n\u0131 kutlayarak, sa\u011fl\u0131k, huzur ve adil bir gelecek dilekleriyle son verdi.<\/p>\n","protected":false},"excerpt":{"rendered":"<p>CHP Bal\u0131kesir Milletvekili Serkan Sar\u0131, 2025 y\u0131l\u0131na y\u00f6nelik umut dolu mesajlar payla\u015ft\u0131. Sar\u0131, bu y\u0131l\u0131n, adaletin tesis edildi\u011fi, halk\u0131n refah\u0131 ve \u00f6zg\u00fcrl\u00fc\u011f\u00fc i\u00e7in kararl\u0131l\u0131kla m\u00fccadele edilen bir d\u00f6nem olmas\u0131n\u0131 temenni etti. Ekonomik Kriz ve Adaletsizlikle M\u00fccadele Ak\u015famdan ak\u015fama derinle\u015fen ekonomik&#8230;<\/p>\n","protected":false},"author":1,"featured_media":17992,"comment_status":"closed","ping_status":"closed","sticky":false,"template":"","format":"standard","meta":{"footnotes":""},"categories":[23],"tags":[],"class_list":["post-17991","post","type-post","status-publish","format-standard","has-post-thumbnail","hentry","category-siyaset"],"_links":{"self":[{"href":"http:\/\/gazetevizyon.com\/index.php?rest_route=\/wp\/v2\/posts\/17991","targetHints":{"allow":["GET"]}}],"collection":[{"href":"http:\/\/gazetevizyon.com\/index.php?rest_route=\/wp\/v2\/posts"}],"about":[{"href":"http:\/\/gazetevizyon.com\/index.php?rest_route=\/wp\/v2\/types\/post"}],"author":[{"embeddable":true,"href":"http:\/\/gazetevizyon.com\/index.php?rest_route=\/wp\/v2\/users\/1"}],"replies":[{"embeddable":true,"href":"http:\/\/gazetevizyon.com\/index.php?rest_route=%2Fwp%2Fv2%2Fcomments&post=17991"}],"version-history":[{"count":0,"href":"http:\/\/gazetevizyon.com\/index.php?rest_route=\/wp\/v2\/posts\/17991\/revisions"}],"wp:featuredmedia":[{"embeddable":true,"href":"http:\/\/gazetevizyon.com\/index.php?rest_route=\/wp\/v2\/media\/17992"}],"wp:attachment":[{"href":"http:\/\/gazetevizyon.com\/index.php?rest_route=%2Fwp%2Fv2%2Fmedia&parent=17991"}],"wp:term":[{"taxonomy":"category","embeddable":true,"href":"http:\/\/gazetevizyon.com\/index.php?rest_route=%2Fwp%2Fv2%2Fcategories&post=17991"},{"taxonomy":"post_tag","embeddable":true,"href":"http:\/\/gazetevizyon.com\/index.php?rest_route=%2Fwp%2Fv2%2Ftags&post=17991"}],"curies":[{"name":"wp","href":"https:\/\/api.w.org\/{rel}","templated":true}]}}