{"id":17997,"date":"2025-01-01T19:19:29","date_gmt":"2025-01-01T19:19:29","guid":{"rendered":"http:\/\/gazetevizyon.com\/?p=17997"},"modified":"2025-01-01T19:19:29","modified_gmt":"2025-01-01T19:19:29","slug":"isverenlerin-daha-fazla-vermesi-bekleniyor","status":"publish","type":"post","link":"http:\/\/gazetevizyon.com\/?p=17997","title":{"rendered":"\u0130\u015fverenlerin Daha Fazla Vermesi Bekleniyor"},"content":{"rendered":"<p>\u0130ktidar\u0131n i\u015fverenlere y\u00f6nelik uygulamalar\u0131 tart\u0131\u015fma konusu olmaya devam ediyor. \u0130\u015fverenlerin daha fazla gelir elde etmesine ra\u011fmen, elde edilen gelirin \u00e7al\u0131\u015fanlara yans\u0131t\u0131lmay\u0131\u015f\u0131 ele\u015ftiriliyor.<\/p>\n<p>Cumhurba\u015fkan\u0131 Erdo\u011fan\u2019a y\u00f6neltilen sert ele\u015ftirilerde, i\u015fverenlerin daha fazla \u00f6deme yapmas\u0131 gerekti\u011fi vurgulan\u0131yor. Ele\u015ftirmenler, &#8220;E sen niye vermiyorsun Say\u0131n Erdo\u011fan, senin elini tutan m\u0131 var?&#8221; diyerek, devletin i\u015fverenlere sa\u011flad\u0131\u011f\u0131 desteklerin neden \u00e7al\u0131\u015fanlara yans\u0131mad\u0131\u011f\u0131 sorusunu g\u00fcndeme getiriyor.<\/p>\n<p>Ayr\u0131ca, yanda\u015f i\u015f adamlar\u0131na yap\u0131lan yard\u0131m ve desteklerin, emekli, memur ve \u00e7ift\u00e7ilere neden aktar\u0131lmad\u0131\u011f\u0131 da sorgulan\u0131yor. \u00d6zellikle asgari \u00fccretin art\u0131r\u0131lmas\u0131na y\u00f6nelik taleplerin yo\u011funla\u015ft\u0131\u011f\u0131 bu d\u00f6nemde, ele\u015ftiriler daha da belirginle\u015fiyor.<\/p>\n<p>\u0130\u015fverenlerin kazan\u00e7lar\u0131 artarken, \u00e7al\u0131\u015fanlar\u0131n al\u0131m g\u00fcc\u00fcn\u00fcn d\u00fc\u015fmesi ve ya\u015fam standartlar\u0131n\u0131n zorla\u015fmas\u0131, bu konudaki tart\u0131\u015fmalar\u0131 alevlendiriyor. Ele\u015ftirmenler, h\u00fck\u00fcmetin bu duruma bir an \u00f6nce el atmas\u0131 gerekti\u011fini savunuyor.<\/p>\n","protected":false},"excerpt":{"rendered":"<p>\u0130ktidar\u0131n i\u015fverenlere y\u00f6nelik uygulamalar\u0131 tart\u0131\u015fma konusu olmaya devam ediyor. \u0130\u015fverenlerin daha fazla gelir elde etmesine ra\u011fmen, elde edilen gelirin \u00e7al\u0131\u015fanlara yans\u0131t\u0131lmay\u0131\u015f\u0131 ele\u015ftiriliyor. Cumhurba\u015fkan\u0131 Erdo\u011fan\u2019a y\u00f6neltilen sert ele\u015ftirilerde, i\u015fverenlerin daha fazla \u00f6deme yapmas\u0131 gerekti\u011fi vurgulan\u0131yor. Ele\u015ftirmenler, &#8220;E sen niye vermiyorsun Say\u0131n&#8230;<\/p>\n","protected":false},"author":1,"featured_media":17998,"comment_status":"closed","ping_status":"closed","sticky":false,"template":"","format":"standard","meta":{"footnotes":""},"categories":[23],"tags":[],"class_list":["post-17997","post","type-post","status-publish","format-standard","has-post-thumbnail","hentry","category-siyaset"],"_links":{"self":[{"href":"http:\/\/gazetevizyon.com\/index.php?rest_route=\/wp\/v2\/posts\/17997","targetHints":{"allow":["GET"]}}],"collection":[{"href":"http:\/\/gazetevizyon.com\/index.php?rest_route=\/wp\/v2\/posts"}],"about":[{"href":"http:\/\/gazetevizyon.com\/index.php?rest_route=\/wp\/v2\/types\/post"}],"author":[{"embeddable":true,"href":"http:\/\/gazetevizyon.com\/index.php?rest_route=\/wp\/v2\/users\/1"}],"replies":[{"embeddable":true,"href":"http:\/\/gazetevizyon.com\/index.php?rest_route=%2Fwp%2Fv2%2Fcomments&post=17997"}],"version-history":[{"count":0,"href":"http:\/\/gazetevizyon.com\/index.php?rest_route=\/wp\/v2\/posts\/17997\/revisions"}],"wp:featuredmedia":[{"embeddable":true,"href":"http:\/\/gazetevizyon.com\/index.php?rest_route=\/wp\/v2\/media\/17998"}],"wp:attachment":[{"href":"http:\/\/gazetevizyon.com\/index.php?rest_route=%2Fwp%2Fv2%2Fmedia&parent=17997"}],"wp:term":[{"taxonomy":"category","embeddable":true,"href":"http:\/\/gazetevizyon.com\/index.php?rest_route=%2Fwp%2Fv2%2Fcategories&post=17997"},{"taxonomy":"post_tag","embeddable":true,"href":"http:\/\/gazetevizyon.com\/index.php?rest_route=%2Fwp%2Fv2%2Ftags&post=17997"}],"curies":[{"name":"wp","href":"https:\/\/api.w.org\/{rel}","templated":true}]}}