{"id":18167,"date":"2025-01-03T18:01:15","date_gmt":"2025-01-03T18:01:15","guid":{"rendered":"http:\/\/gazetevizyon.com\/?p=18167"},"modified":"2025-01-03T18:01:15","modified_gmt":"2025-01-03T18:01:15","slug":"turkiye-ekonomisinde-enflasyon-ve-ekonomi-tartismalari-devam-ediyor","status":"publish","type":"post","link":"http:\/\/gazetevizyon.com\/?p=18167","title":{"rendered":"T\u00fcrkiye Ekonomisinde Enflasyon ve Ekonomi Tart\u0131\u015fmalar\u0131 Devam Ediyor"},"content":{"rendered":"<p>Son g\u00fcnlerde enflasyon ve ekonomiyle ilgili tart\u0131\u015fmalar h\u0131z kesmeden devam ediyor. \u00d6zellikle asgari \u00fccret \u00fczerinde yap\u0131lan zamlar, toplumun bir\u00e7ok kesimi taraf\u0131ndan merakla takip ediliyor. 2025 y\u0131l\u0131na yakla\u015f\u0131rken, \u00e7e\u015fitli ekonomik programlar ve politikalar \u00f6ne \u00e7\u0131k\u0131yor. <\/p>\n<p>\u0130stanbul&#8217;da yer alan uzmanlar, ekonomik istikrar i\u00e7in at\u0131lmas\u0131 gereken ad\u0131mlara dikkat \u00e7ekiyor. Enflasyon oranlar\u0131 ve ya\u015fam standartlar\u0131 aras\u0131ndaki ili\u015fkiye vurgu yap\u0131l\u0131rken, vatanda\u015flar\u0131n al\u0131m g\u00fcc\u00fcn\u00fcn art\u0131r\u0131lmas\u0131 gerekiyor. Yetkililer, halk\u0131n refah seviyesinin y\u00fckseltilmesi i\u00e7in yeni y\u0131l itibar\u0131yla uygulanacak olan stratejilerin \u00fczerinde titizlikle \u00e7al\u0131\u015f\u0131lmas\u0131 gerekti\u011fini belirtiyor. <\/p>\n<p>T\u00fcrkiye genelinde izlenen ekonomik politikalar\u0131n, i\u015f piyasas\u0131 ve sosyal adalet \u00fczerindeki etkileri de tart\u0131\u015fmalara konu oluyor. Uzmanlar, bu s\u00fcre\u00e7te kamu ve \u00f6zel sekt\u00f6r i\u015fbirli\u011finin \u00f6nemine i\u015faret ediyor. Ekonomide s\u00fcrd\u00fcr\u00fclebilir b\u00fcy\u00fcme hedeflerinin ger\u00e7ekle\u015ftirilmesi i\u00e7in uzun vadeli planlar\u0131n olu\u015fturulmas\u0131n\u0131n \u015fart oldu\u011funu ifade ediyorlar. <\/p>\n<p>Kazan\u00e7lar\u0131n artt\u0131r\u0131lmas\u0131 ve enflasyonla m\u00fccadelenin g\u00fc\u00e7lendirilmesi i\u00e7in at\u0131lacak ad\u0131mlar, T\u00fcrkiye&#8217;nin gelecekteki ekonomik g\u00f6r\u00fcn\u00fcm\u00fcn\u00fc etkileyecek.<\/p>\n","protected":false},"excerpt":{"rendered":"<p>Son g\u00fcnlerde enflasyon ve ekonomiyle ilgili tart\u0131\u015fmalar h\u0131z kesmeden devam ediyor. \u00d6zellikle asgari \u00fccret \u00fczerinde yap\u0131lan zamlar, toplumun bir\u00e7ok kesimi taraf\u0131ndan merakla takip ediliyor. 2025 y\u0131l\u0131na yakla\u015f\u0131rken, \u00e7e\u015fitli ekonomik programlar ve politikalar \u00f6ne \u00e7\u0131k\u0131yor. \u0130stanbul&#8217;da yer alan uzmanlar, ekonomik istikrar&#8230;<\/p>\n","protected":false},"author":1,"featured_media":18168,"comment_status":"closed","ping_status":"closed","sticky":false,"template":"","format":"standard","meta":{"footnotes":""},"categories":[23],"tags":[],"class_list":["post-18167","post","type-post","status-publish","format-standard","has-post-thumbnail","hentry","category-siyaset"],"_links":{"self":[{"href":"http:\/\/gazetevizyon.com\/index.php?rest_route=\/wp\/v2\/posts\/18167","targetHints":{"allow":["GET"]}}],"collection":[{"href":"http:\/\/gazetevizyon.com\/index.php?rest_route=\/wp\/v2\/posts"}],"about":[{"href":"http:\/\/gazetevizyon.com\/index.php?rest_route=\/wp\/v2\/types\/post"}],"author":[{"embeddable":true,"href":"http:\/\/gazetevizyon.com\/index.php?rest_route=\/wp\/v2\/users\/1"}],"replies":[{"embeddable":true,"href":"http:\/\/gazetevizyon.com\/index.php?rest_route=%2Fwp%2Fv2%2Fcomments&post=18167"}],"version-history":[{"count":0,"href":"http:\/\/gazetevizyon.com\/index.php?rest_route=\/wp\/v2\/posts\/18167\/revisions"}],"wp:featuredmedia":[{"embeddable":true,"href":"http:\/\/gazetevizyon.com\/index.php?rest_route=\/wp\/v2\/media\/18168"}],"wp:attachment":[{"href":"http:\/\/gazetevizyon.com\/index.php?rest_route=%2Fwp%2Fv2%2Fmedia&parent=18167"}],"wp:term":[{"taxonomy":"category","embeddable":true,"href":"http:\/\/gazetevizyon.com\/index.php?rest_route=%2Fwp%2Fv2%2Fcategories&post=18167"},{"taxonomy":"post_tag","embeddable":true,"href":"http:\/\/gazetevizyon.com\/index.php?rest_route=%2Fwp%2Fv2%2Ftags&post=18167"}],"curies":[{"name":"wp","href":"https:\/\/api.w.org\/{rel}","templated":true}]}}