{"id":18281,"date":"2025-01-05T15:20:01","date_gmt":"2025-01-05T15:20:01","guid":{"rendered":"http:\/\/gazetevizyon.com\/?p=18281"},"modified":"2025-01-05T15:20:01","modified_gmt":"2025-01-05T15:20:01","slug":"izmir-adliyesinde-fethi-sekin-anma-toreni-duzenlendi","status":"publish","type":"post","link":"http:\/\/gazetevizyon.com\/?p=18281","title":{"rendered":"\u0130zmir Adliyesi&#8217;nde Fethi Sekin Anma T\u00f6reni D\u00fczenlendi"},"content":{"rendered":"<p>Bug\u00fcn, \u0130zmir Adliyesi&#8217;nde 8 y\u0131l \u00f6nce ger\u00e7ekle\u015fen ter\u00f6r sald\u0131r\u0131s\u0131nda hayat\u0131n\u0131 kaybeden kahraman polis Fethi Sekin, sayg\u0131 ve rahmetle an\u0131ld\u0131. Sald\u0131r\u0131 s\u0131ras\u0131nda can\u0131 pahas\u0131na bir\u00e7ok vatanda\u015f\u0131n hayat\u0131n\u0131 kurtaran Sekin&#8217;in fedakarl\u0131\u011f\u0131, onu unutulmaz k\u0131ld\u0131. Toplumun unutmamas\u0131 gereken bu olay, her y\u0131l anma etkinlikleriyle hat\u0131rlan\u0131yor. \u0130zmir Adliyesi \u00f6n\u00fcnde d\u00fczenlenen anma t\u00f6renleri ile Fethi Sekin&#8217;in kahramanl\u0131\u011f\u0131na vurgu yap\u0131larak, g\u00fcvenlik g\u00fc\u00e7lerinin \u00f6nemine dikkat \u00e7ekiliyor. Bu t\u00fcr olaylar, \u00fclkemizin g\u00fcvenli\u011fi i\u00e7in \u00e7al\u0131\u015fan t\u00fcm emniyet mensuplar\u0131n\u0131n fedakarl\u0131\u011f\u0131n\u0131 g\u00f6zler \u00f6n\u00fcne seriyor.<\/p>\n","protected":false},"excerpt":{"rendered":"<p>Bug\u00fcn, \u0130zmir Adliyesi&#8217;nde 8 y\u0131l \u00f6nce ger\u00e7ekle\u015fen ter\u00f6r sald\u0131r\u0131s\u0131nda hayat\u0131n\u0131 kaybeden kahraman polis Fethi Sekin, sayg\u0131 ve rahmetle an\u0131ld\u0131. Sald\u0131r\u0131 s\u0131ras\u0131nda can\u0131 pahas\u0131na bir\u00e7ok vatanda\u015f\u0131n hayat\u0131n\u0131 kurtaran Sekin&#8217;in fedakarl\u0131\u011f\u0131, onu unutulmaz k\u0131ld\u0131. Toplumun unutmamas\u0131 gereken bu olay, her y\u0131l anma&#8230;<\/p>\n","protected":false},"author":1,"featured_media":18282,"comment_status":"closed","ping_status":"closed","sticky":false,"template":"","format":"standard","meta":{"footnotes":""},"categories":[23],"tags":[],"class_list":["post-18281","post","type-post","status-publish","format-standard","has-post-thumbnail","hentry","category-siyaset"],"_links":{"self":[{"href":"http:\/\/gazetevizyon.com\/index.php?rest_route=\/wp\/v2\/posts\/18281","targetHints":{"allow":["GET"]}}],"collection":[{"href":"http:\/\/gazetevizyon.com\/index.php?rest_route=\/wp\/v2\/posts"}],"about":[{"href":"http:\/\/gazetevizyon.com\/index.php?rest_route=\/wp\/v2\/types\/post"}],"author":[{"embeddable":true,"href":"http:\/\/gazetevizyon.com\/index.php?rest_route=\/wp\/v2\/users\/1"}],"replies":[{"embeddable":true,"href":"http:\/\/gazetevizyon.com\/index.php?rest_route=%2Fwp%2Fv2%2Fcomments&post=18281"}],"version-history":[{"count":0,"href":"http:\/\/gazetevizyon.com\/index.php?rest_route=\/wp\/v2\/posts\/18281\/revisions"}],"wp:featuredmedia":[{"embeddable":true,"href":"http:\/\/gazetevizyon.com\/index.php?rest_route=\/wp\/v2\/media\/18282"}],"wp:attachment":[{"href":"http:\/\/gazetevizyon.com\/index.php?rest_route=%2Fwp%2Fv2%2Fmedia&parent=18281"}],"wp:term":[{"taxonomy":"category","embeddable":true,"href":"http:\/\/gazetevizyon.com\/index.php?rest_route=%2Fwp%2Fv2%2Fcategories&post=18281"},{"taxonomy":"post_tag","embeddable":true,"href":"http:\/\/gazetevizyon.com\/index.php?rest_route=%2Fwp%2Fv2%2Ftags&post=18281"}],"curies":[{"name":"wp","href":"https:\/\/api.w.org\/{rel}","templated":true}]}}