{"id":18319,"date":"2025-01-06T17:40:27","date_gmt":"2025-01-06T17:40:27","guid":{"rendered":"http:\/\/gazetevizyon.com\/?p=18319"},"modified":"2025-01-06T17:40:27","modified_gmt":"2025-01-06T17:40:27","slug":"iyi-parti-balikesir-il-baskanligi-duzenliyor-gonuldaslar-yayina-davetli","status":"publish","type":"post","link":"http:\/\/gazetevizyon.com\/?p=18319","title":{"rendered":"\u0130yi Parti Bal\u0131kesir \u0130l Ba\u015fkanl\u0131\u011f\u0131 D\u00fczenliyor: G\u00f6n\u00fclda\u015flar Yay\u0131na Davetli!"},"content":{"rendered":"<p>\u0130yi Parti Bal\u0131kesir \u0130l Ba\u015fkanl\u0131\u011f\u0131, t\u00fcm g\u00f6n\u00fclda\u015flar\u0131n\u0131 d\u00fczenlenecek yay\u0131na davet etti. Parti yetkilileri, kat\u0131l\u0131mc\u0131lar\u0131n yay\u0131na dahil olabilmeleri i\u00e7in belirli bir ba\u011flant\u0131y\u0131 payla\u015ft\u0131. <\/p>\n<p>Yay\u0131n, \u0130yi Parti&#8217;nin hedefleri ve projelerinin ele al\u0131naca\u011f\u0131 bir platform olarak tasarlanm\u0131\u015f durumda. G\u00f6n\u00fclda\u015flar\u0131n bir araya gelerek fikir al\u0131\u015fveri\u015finde bulunabilecekleri bu etkinlik, parti \u00fcyeleri i\u00e7in \u00f6nemli bir bulu\u015fma f\u0131rsat\u0131 sunuyor. <\/p>\n<p>Kat\u0131l\u0131m i\u00e7in belirtilen ba\u011flant\u0131ya t\u0131klayarak yay\u0131na kat\u0131lmak m\u00fcmk\u00fcnd\u00fcr. Etkinli\u011fin, partinin g\u00fc\u00e7l\u00fc bir ileti\u015fim a\u011f\u0131 olu\u015fturmas\u0131na katk\u0131 sa\u011flamas\u0131 bekleniyor. <\/p>\n","protected":false},"excerpt":{"rendered":"<p>\u0130yi Parti Bal\u0131kesir \u0130l Ba\u015fkanl\u0131\u011f\u0131, t\u00fcm g\u00f6n\u00fclda\u015flar\u0131n\u0131 d\u00fczenlenecek yay\u0131na davet etti. Parti yetkilileri, kat\u0131l\u0131mc\u0131lar\u0131n yay\u0131na dahil olabilmeleri i\u00e7in belirli bir ba\u011flant\u0131y\u0131 payla\u015ft\u0131. Yay\u0131n, \u0130yi Parti&#8217;nin hedefleri ve projelerinin ele al\u0131naca\u011f\u0131 bir platform olarak tasarlanm\u0131\u015f durumda. G\u00f6n\u00fclda\u015flar\u0131n bir araya gelerek fikir&#8230;<\/p>\n","protected":false},"author":1,"featured_media":18320,"comment_status":"closed","ping_status":"closed","sticky":false,"template":"","format":"standard","meta":{"footnotes":""},"categories":[23],"tags":[],"class_list":["post-18319","post","type-post","status-publish","format-standard","has-post-thumbnail","hentry","category-siyaset"],"_links":{"self":[{"href":"http:\/\/gazetevizyon.com\/index.php?rest_route=\/wp\/v2\/posts\/18319","targetHints":{"allow":["GET"]}}],"collection":[{"href":"http:\/\/gazetevizyon.com\/index.php?rest_route=\/wp\/v2\/posts"}],"about":[{"href":"http:\/\/gazetevizyon.com\/index.php?rest_route=\/wp\/v2\/types\/post"}],"author":[{"embeddable":true,"href":"http:\/\/gazetevizyon.com\/index.php?rest_route=\/wp\/v2\/users\/1"}],"replies":[{"embeddable":true,"href":"http:\/\/gazetevizyon.com\/index.php?rest_route=%2Fwp%2Fv2%2Fcomments&post=18319"}],"version-history":[{"count":0,"href":"http:\/\/gazetevizyon.com\/index.php?rest_route=\/wp\/v2\/posts\/18319\/revisions"}],"wp:featuredmedia":[{"embeddable":true,"href":"http:\/\/gazetevizyon.com\/index.php?rest_route=\/wp\/v2\/media\/18320"}],"wp:attachment":[{"href":"http:\/\/gazetevizyon.com\/index.php?rest_route=%2Fwp%2Fv2%2Fmedia&parent=18319"}],"wp:term":[{"taxonomy":"category","embeddable":true,"href":"http:\/\/gazetevizyon.com\/index.php?rest_route=%2Fwp%2Fv2%2Fcategories&post=18319"},{"taxonomy":"post_tag","embeddable":true,"href":"http:\/\/gazetevizyon.com\/index.php?rest_route=%2Fwp%2Fv2%2Ftags&post=18319"}],"curies":[{"name":"wp","href":"https:\/\/api.w.org\/{rel}","templated":true}]}}