{"id":18391,"date":"2025-01-08T13:26:56","date_gmt":"2025-01-08T13:26:56","guid":{"rendered":"http:\/\/gazetevizyon.com\/?p=18391"},"modified":"2025-01-08T13:26:56","modified_gmt":"2025-01-08T13:26:56","slug":"deprem-risklerinin-arastirildigi-bir-toplanti-gerceklestirildi","status":"publish","type":"post","link":"http:\/\/gazetevizyon.com\/?p=18391","title":{"rendered":"Deprem Risklerinin Ara\u015ft\u0131r\u0131ld\u0131\u011f\u0131 Bir Toplant\u0131 Ger\u00e7ekle\u015ftirildi"},"content":{"rendered":"<p>    6 \u015eubat 2023 tarihinde meydana gelen depremin ard\u0131ndan, Elaz\u0131\u011f ve Tunceli illerinde olas\u0131 deprem risklerinin ara\u015ft\u0131r\u0131lmas\u0131 amac\u0131yla bir toplant\u0131 ger\u00e7ekle\u015ftirildi. Toplant\u0131da, deprem bilimci akademisyen Prof. Dr. Naci G\u00f6r\u00fcr, &#8220;Deprem T\u00fcrkiye&#8217;de Deprem Diren\u00e7li Kentler&#8221; konulu sunumunu ger\u00e7ekle\u015ftirdi. <\/p>\n<p>    TBMM&#8217;de milletvekillerinden olu\u015fan bir komisyonda yap\u0131lan bu etkinlikte, depremin etkilerini azaltmak i\u00e7in al\u0131nmas\u0131 gereken \u00f6nlemler ve b\u00f6lgedeki riskler \u00fczerine de\u011ferlendirmeler yap\u0131ld\u0131. Toplant\u0131n\u0131n d\u00fczenlenmesinde \u00f6nemli rol oynayan Elaz\u0131\u011f milletvekili G\u00fcrsel Erol&#8217;a ve sunumu ger\u00e7ekle\u015ftiren Prof. Dr. Naci G\u00f6r\u00fcr\u2019e te\u015fekk\u00fcr edildi. Bu toplant\u0131, yerel y\u00f6netimlerin deprem risklerine kar\u015f\u0131 daha haz\u0131rl\u0131kl\u0131 olmalar\u0131na katk\u0131 sa\u011flamay\u0131 hedefliyor.<\/p>\n","protected":false},"excerpt":{"rendered":"<p>6 \u015eubat 2023 tarihinde meydana gelen depremin ard\u0131ndan, Elaz\u0131\u011f ve Tunceli illerinde olas\u0131 deprem risklerinin ara\u015ft\u0131r\u0131lmas\u0131 amac\u0131yla bir toplant\u0131 ger\u00e7ekle\u015ftirildi. Toplant\u0131da, deprem bilimci akademisyen Prof. Dr. Naci G\u00f6r\u00fcr, &#8220;Deprem T\u00fcrkiye&#8217;de Deprem Diren\u00e7li Kentler&#8221; konulu sunumunu ger\u00e7ekle\u015ftirdi. TBMM&#8217;de milletvekillerinden olu\u015fan bir&#8230;<\/p>\n","protected":false},"author":1,"featured_media":18392,"comment_status":"closed","ping_status":"closed","sticky":false,"template":"","format":"standard","meta":{"footnotes":""},"categories":[23],"tags":[],"class_list":["post-18391","post","type-post","status-publish","format-standard","has-post-thumbnail","hentry","category-siyaset"],"_links":{"self":[{"href":"http:\/\/gazetevizyon.com\/index.php?rest_route=\/wp\/v2\/posts\/18391","targetHints":{"allow":["GET"]}}],"collection":[{"href":"http:\/\/gazetevizyon.com\/index.php?rest_route=\/wp\/v2\/posts"}],"about":[{"href":"http:\/\/gazetevizyon.com\/index.php?rest_route=\/wp\/v2\/types\/post"}],"author":[{"embeddable":true,"href":"http:\/\/gazetevizyon.com\/index.php?rest_route=\/wp\/v2\/users\/1"}],"replies":[{"embeddable":true,"href":"http:\/\/gazetevizyon.com\/index.php?rest_route=%2Fwp%2Fv2%2Fcomments&post=18391"}],"version-history":[{"count":0,"href":"http:\/\/gazetevizyon.com\/index.php?rest_route=\/wp\/v2\/posts\/18391\/revisions"}],"wp:featuredmedia":[{"embeddable":true,"href":"http:\/\/gazetevizyon.com\/index.php?rest_route=\/wp\/v2\/media\/18392"}],"wp:attachment":[{"href":"http:\/\/gazetevizyon.com\/index.php?rest_route=%2Fwp%2Fv2%2Fmedia&parent=18391"}],"wp:term":[{"taxonomy":"category","embeddable":true,"href":"http:\/\/gazetevizyon.com\/index.php?rest_route=%2Fwp%2Fv2%2Fcategories&post=18391"},{"taxonomy":"post_tag","embeddable":true,"href":"http:\/\/gazetevizyon.com\/index.php?rest_route=%2Fwp%2Fv2%2Ftags&post=18391"}],"curies":[{"name":"wp","href":"https:\/\/api.w.org\/{rel}","templated":true}]}}