{"id":18393,"date":"2025-01-08T13:19:18","date_gmt":"2025-01-08T13:19:18","guid":{"rendered":"http:\/\/gazetevizyon.com\/?p=18393"},"modified":"2025-01-08T13:19:18","modified_gmt":"2025-01-08T13:19:18","slug":"basin-mensubu-metin-goktepe-katledilisinin-29uncu-yilinda-anildi","status":"publish","type":"post","link":"http:\/\/gazetevizyon.com\/?p=18393","title":{"rendered":"Bas\u0131n Mensubu Metin G\u00f6ktepe, Katledili\u015finin 29&#8217;uncu Y\u0131l\u0131nda An\u0131ld\u0131"},"content":{"rendered":"<p>Bas\u0131n sekt\u00f6r\u00fcnde \u00f6nemli bir isim olan Metin G\u00f6ktepe, katledili\u015finin 29&#8217;uncu y\u0131l\u0131nda sayg\u0131 ve \u00f6zlemle an\u0131ld\u0131. Cesur bir gazeteci olarak tan\u0131nan G\u00f6ktepe, halk\u0131n sesi olma misyonuyla g\u00f6rev yapt\u0131.<\/p>\n<p>Anma etkinlikleri, T\u00fcrkiye genelinde \u00e7e\u015fitli yerlerde ger\u00e7ekle\u015ftirildi. Gazeteci arkada\u015flar\u0131, sevenleri ve meslekta\u015flar\u0131, G\u00f6ktepe&#8217;nin an\u0131s\u0131n\u0131 ya\u015fatmak ad\u0131na etkinlikler d\u00fczenledi. Kat\u0131ld\u0131\u011f\u0131 etkinliklerde, Metin G\u00f6ktepe\u2019nin insan sevgisi ve gazetecilikteki cesareti vurguland\u0131.<\/p>\n<p>Metin G\u00f6ktepe, 1996 y\u0131l\u0131nda g\u00f6revini yerine getirirken g\u00f6zalt\u0131na al\u0131nm\u0131\u015f ve trajik bir \u015fekilde hayat\u0131n\u0131 kaybetmi\u015fti. Bu olay, T\u00fcrkiye&#8217;deki bas\u0131n \u00f6zg\u00fcrl\u00fc\u011f\u00fc a\u00e7\u0131s\u0131ndan \u00f6nemli bir d\u00f6n\u00fcm noktas\u0131 olarak kaydedildi. G\u00f6ktepe&#8217;nin an\u0131s\u0131, bas\u0131n \u00e7al\u0131\u015fanlar\u0131na ilham vermeye devam ediyor.<\/p>\n<p>Bu y\u0131l yap\u0131lan anma etkinliklerinde, kat\u0131l\u0131mc\u0131lar G\u00f6ktepe\u2019nin an\u0131s\u0131n\u0131 ya\u015fatmak ve onun m\u00fccadelesini s\u00fcrd\u00fcrmek ad\u0131na daha fazla dayan\u0131\u015fman\u0131n ve \u00f6zg\u00fcrl\u00fc\u011f\u00fcn \u00f6nemine dikkat \u00e7ekti.<\/p>\n","protected":false},"excerpt":{"rendered":"<p>Bas\u0131n sekt\u00f6r\u00fcnde \u00f6nemli bir isim olan Metin G\u00f6ktepe, katledili\u015finin 29&#8217;uncu y\u0131l\u0131nda sayg\u0131 ve \u00f6zlemle an\u0131ld\u0131. Cesur bir gazeteci olarak tan\u0131nan G\u00f6ktepe, halk\u0131n sesi olma misyonuyla g\u00f6rev yapt\u0131. Anma etkinlikleri, T\u00fcrkiye genelinde \u00e7e\u015fitli yerlerde ger\u00e7ekle\u015ftirildi. Gazeteci arkada\u015flar\u0131, sevenleri ve meslekta\u015flar\u0131, G\u00f6ktepe&#8217;nin&#8230;<\/p>\n","protected":false},"author":1,"featured_media":18394,"comment_status":"closed","ping_status":"closed","sticky":false,"template":"","format":"standard","meta":{"footnotes":""},"categories":[23],"tags":[],"class_list":["post-18393","post","type-post","status-publish","format-standard","has-post-thumbnail","hentry","category-siyaset"],"_links":{"self":[{"href":"http:\/\/gazetevizyon.com\/index.php?rest_route=\/wp\/v2\/posts\/18393","targetHints":{"allow":["GET"]}}],"collection":[{"href":"http:\/\/gazetevizyon.com\/index.php?rest_route=\/wp\/v2\/posts"}],"about":[{"href":"http:\/\/gazetevizyon.com\/index.php?rest_route=\/wp\/v2\/types\/post"}],"author":[{"embeddable":true,"href":"http:\/\/gazetevizyon.com\/index.php?rest_route=\/wp\/v2\/users\/1"}],"replies":[{"embeddable":true,"href":"http:\/\/gazetevizyon.com\/index.php?rest_route=%2Fwp%2Fv2%2Fcomments&post=18393"}],"version-history":[{"count":0,"href":"http:\/\/gazetevizyon.com\/index.php?rest_route=\/wp\/v2\/posts\/18393\/revisions"}],"wp:featuredmedia":[{"embeddable":true,"href":"http:\/\/gazetevizyon.com\/index.php?rest_route=\/wp\/v2\/media\/18394"}],"wp:attachment":[{"href":"http:\/\/gazetevizyon.com\/index.php?rest_route=%2Fwp%2Fv2%2Fmedia&parent=18393"}],"wp:term":[{"taxonomy":"category","embeddable":true,"href":"http:\/\/gazetevizyon.com\/index.php?rest_route=%2Fwp%2Fv2%2Fcategories&post=18393"},{"taxonomy":"post_tag","embeddable":true,"href":"http:\/\/gazetevizyon.com\/index.php?rest_route=%2Fwp%2Fv2%2Ftags&post=18393"}],"curies":[{"name":"wp","href":"https:\/\/api.w.org\/{rel}","templated":true}]}}