{"id":18657,"date":"2025-01-11T01:39:57","date_gmt":"2025-01-11T01:39:57","guid":{"rendered":"http:\/\/gazetevizyon.com\/?p=18657"},"modified":"2025-01-11T01:39:57","modified_gmt":"2025-01-11T01:39:57","slug":"baskan-akbiyiktan-gazeteciler-gunu-mesaji","status":"publish","type":"post","link":"http:\/\/gazetevizyon.com\/?p=18657","title":{"rendered":"Ba\u015fkan Akb\u0131y\u0131k&#8217;tan Gazeteciler G\u00fcn\u00fc Mesaj\u0131"},"content":{"rendered":"<p>Bal\u0131kesir Karesi Belediye Ba\u015fkan\u0131 Mesut Akb\u0131y\u0131k, 10 Ocak \u00c7al\u0131\u015fan Gazeteciler G\u00fcn\u00fc dolay\u0131s\u0131yla bir mesaj yay\u0131mlad\u0131. Ba\u015fkan Akb\u0131y\u0131k, gazetecilerin toplumun sesi ve vicdan\u0131 oldu\u011funu vurgulad\u0131. <\/p>\n<p>Mesaj\u0131nda, gazetecilerin do\u011fru ve tarafs\u0131z habercilik anlay\u0131\u015f\u0131yla gece g\u00fcnd\u00fcz demeden \u00e7al\u0131\u015ft\u0131klar\u0131n\u0131 belirten Akb\u0131y\u0131k, gazetecilerin \u00f6nemine dikkat \u00e7ekti. Bu \u00f6zel g\u00fcn vesilesiyle t\u00fcm gazetecilerin g\u00fcn\u00fcn\u00fc kutlayarak, verdikleri emeklerden dolay\u0131 te\u015fekk\u00fcrlerini iletti. <\/p>\n<p>Ba\u015fkan Akb\u0131y\u0131k, gazetecilerin kamuoyunu bilgilendirme konusundaki katk\u0131lar\u0131n\u0131n b\u00fcy\u00fck oldu\u011funu, bu nedenle onlar\u0131 onurland\u0131rman\u0131n \u00f6nemli oldu\u011funu ifade etti. Bu anlaml\u0131 g\u00fcnde, toplumun do\u011fru bilgilendirilmesinde \u00f6nemli bir rol \u00fcstlenen t\u00fcm gazetecilerin \u00e7al\u0131\u015fmalar\u0131 takdirle kar\u015f\u0131land\u0131.<\/p>\n","protected":false},"excerpt":{"rendered":"<p>Bal\u0131kesir Karesi Belediye Ba\u015fkan\u0131 Mesut Akb\u0131y\u0131k, 10 Ocak \u00c7al\u0131\u015fan Gazeteciler G\u00fcn\u00fc dolay\u0131s\u0131yla bir mesaj yay\u0131mlad\u0131. Ba\u015fkan Akb\u0131y\u0131k, gazetecilerin toplumun sesi ve vicdan\u0131 oldu\u011funu vurgulad\u0131. Mesaj\u0131nda, gazetecilerin do\u011fru ve tarafs\u0131z habercilik anlay\u0131\u015f\u0131yla gece g\u00fcnd\u00fcz demeden \u00e7al\u0131\u015ft\u0131klar\u0131n\u0131 belirten Akb\u0131y\u0131k, gazetecilerin \u00f6nemine dikkat&#8230;<\/p>\n","protected":false},"author":1,"featured_media":18658,"comment_status":"closed","ping_status":"closed","sticky":false,"template":"","format":"standard","meta":{"footnotes":""},"categories":[23],"tags":[],"class_list":["post-18657","post","type-post","status-publish","format-standard","has-post-thumbnail","hentry","category-siyaset"],"_links":{"self":[{"href":"http:\/\/gazetevizyon.com\/index.php?rest_route=\/wp\/v2\/posts\/18657","targetHints":{"allow":["GET"]}}],"collection":[{"href":"http:\/\/gazetevizyon.com\/index.php?rest_route=\/wp\/v2\/posts"}],"about":[{"href":"http:\/\/gazetevizyon.com\/index.php?rest_route=\/wp\/v2\/types\/post"}],"author":[{"embeddable":true,"href":"http:\/\/gazetevizyon.com\/index.php?rest_route=\/wp\/v2\/users\/1"}],"replies":[{"embeddable":true,"href":"http:\/\/gazetevizyon.com\/index.php?rest_route=%2Fwp%2Fv2%2Fcomments&post=18657"}],"version-history":[{"count":0,"href":"http:\/\/gazetevizyon.com\/index.php?rest_route=\/wp\/v2\/posts\/18657\/revisions"}],"wp:featuredmedia":[{"embeddable":true,"href":"http:\/\/gazetevizyon.com\/index.php?rest_route=\/wp\/v2\/media\/18658"}],"wp:attachment":[{"href":"http:\/\/gazetevizyon.com\/index.php?rest_route=%2Fwp%2Fv2%2Fmedia&parent=18657"}],"wp:term":[{"taxonomy":"category","embeddable":true,"href":"http:\/\/gazetevizyon.com\/index.php?rest_route=%2Fwp%2Fv2%2Fcategories&post=18657"},{"taxonomy":"post_tag","embeddable":true,"href":"http:\/\/gazetevizyon.com\/index.php?rest_route=%2Fwp%2Fv2%2Ftags&post=18657"}],"curies":[{"name":"wp","href":"https:\/\/api.w.org\/{rel}","templated":true}]}}