{"id":18749,"date":"2025-01-11T09:33:09","date_gmt":"2025-01-11T09:33:09","guid":{"rendered":"http:\/\/gazetevizyon.com\/?p=18749"},"modified":"2025-01-11T09:33:09","modified_gmt":"2025-01-11T09:33:09","slug":"ak-parti-bigadic-ilce-baskani-huseyin-nisana-hayirli-olsun-ziyareti","status":"publish","type":"post","link":"http:\/\/gazetevizyon.com\/?p=18749","title":{"rendered":"AK Parti Bigadi\u00e7 \u0130l\u00e7e Ba\u015fkan\u0131 H\u00fcseyin Nisan\u2019a Hay\u0131rl\u0131 Olsun Ziyareti"},"content":{"rendered":"<p>AK Parti Bigadi\u00e7 \u0130l\u00e7e Ba\u015fkan\u0131 H\u00fcseyin Nisan, yeni y\u00f6netimiyle birlikte AK Parti Susurluk \u0130l\u00e7e Ba\u015fkan\u0131 \u015eafak Mut ve ekibini ziyaret etti. Ziyaret, ba\u015fkanl\u0131k de\u011fi\u015fiminin ard\u0131ndan ger\u00e7ekle\u015fti.<\/p>\n<p>H\u00fcseyin Nisan\u2019\u0131n ba\u015fkanl\u0131\u011f\u0131yla birlikte, te\u015fkilatlar\u0131n birlik ve beraberlik i\u00e7inde daha b\u00fcy\u00fck ba\u015far\u0131lara imza ataca\u011f\u0131na vurgu yap\u0131ld\u0131. Nisan, Kuvayi Milliye ruhunun ya\u015fat\u0131laca\u011f\u0131n\u0131 ve bu d\u00f6nemde t\u00fcm te\u015fkilatlar\u0131n birlikte hareket edece\u011fini belirtti.<\/p>\n<p>Nisan, &#8220;Umudun, icraat\u0131n ve gelece\u011fin ad\u0131 AK Parti\u201d \u015feklinde ifade ederek, hedeflerinin y\u00fcksek oldu\u011funu ve yola devam edeceklerini s\u00f6zlerine ekledi. Bu birlikteli\u011fin, Bigadi\u00e7 ve \u00e7evresindeki \u00e7al\u0131\u015fmalara olumlu yans\u0131yaca\u011f\u0131na inand\u0131\u011f\u0131n\u0131 belirtti.<\/p>\n","protected":false},"excerpt":{"rendered":"<p>AK Parti Bigadi\u00e7 \u0130l\u00e7e Ba\u015fkan\u0131 H\u00fcseyin Nisan, yeni y\u00f6netimiyle birlikte AK Parti Susurluk \u0130l\u00e7e Ba\u015fkan\u0131 \u015eafak Mut ve ekibini ziyaret etti. Ziyaret, ba\u015fkanl\u0131k de\u011fi\u015fiminin ard\u0131ndan ger\u00e7ekle\u015fti. H\u00fcseyin Nisan\u2019\u0131n ba\u015fkanl\u0131\u011f\u0131yla birlikte, te\u015fkilatlar\u0131n birlik ve beraberlik i\u00e7inde daha b\u00fcy\u00fck ba\u015far\u0131lara imza ataca\u011f\u0131na&#8230;<\/p>\n","protected":false},"author":1,"featured_media":18750,"comment_status":"closed","ping_status":"closed","sticky":false,"template":"","format":"standard","meta":{"footnotes":""},"categories":[23],"tags":[],"class_list":["post-18749","post","type-post","status-publish","format-standard","has-post-thumbnail","hentry","category-siyaset"],"_links":{"self":[{"href":"http:\/\/gazetevizyon.com\/index.php?rest_route=\/wp\/v2\/posts\/18749","targetHints":{"allow":["GET"]}}],"collection":[{"href":"http:\/\/gazetevizyon.com\/index.php?rest_route=\/wp\/v2\/posts"}],"about":[{"href":"http:\/\/gazetevizyon.com\/index.php?rest_route=\/wp\/v2\/types\/post"}],"author":[{"embeddable":true,"href":"http:\/\/gazetevizyon.com\/index.php?rest_route=\/wp\/v2\/users\/1"}],"replies":[{"embeddable":true,"href":"http:\/\/gazetevizyon.com\/index.php?rest_route=%2Fwp%2Fv2%2Fcomments&post=18749"}],"version-history":[{"count":0,"href":"http:\/\/gazetevizyon.com\/index.php?rest_route=\/wp\/v2\/posts\/18749\/revisions"}],"wp:featuredmedia":[{"embeddable":true,"href":"http:\/\/gazetevizyon.com\/index.php?rest_route=\/wp\/v2\/media\/18750"}],"wp:attachment":[{"href":"http:\/\/gazetevizyon.com\/index.php?rest_route=%2Fwp%2Fv2%2Fmedia&parent=18749"}],"wp:term":[{"taxonomy":"category","embeddable":true,"href":"http:\/\/gazetevizyon.com\/index.php?rest_route=%2Fwp%2Fv2%2Fcategories&post=18749"},{"taxonomy":"post_tag","embeddable":true,"href":"http:\/\/gazetevizyon.com\/index.php?rest_route=%2Fwp%2Fv2%2Ftags&post=18749"}],"curies":[{"name":"wp","href":"https:\/\/api.w.org\/{rel}","templated":true}]}}