{"id":18769,"date":"2025-01-11T10:14:03","date_gmt":"2025-01-11T10:14:03","guid":{"rendered":"http:\/\/gazetevizyon.com\/?p=18769"},"modified":"2025-01-11T10:14:03","modified_gmt":"2025-01-11T10:14:03","slug":"iyi-parti-milletvekili-turhan-comez-turkiyenin-siyasi-duzenini-elestirdi","status":"publish","type":"post","link":"http:\/\/gazetevizyon.com\/?p=18769","title":{"rendered":"\u0130yi Parti Milletvekili Turhan \u00c7\u00f6mez, T\u00fcrkiye&#8217;nin Siyasi D\u00fczenini Ele\u015ftirdi"},"content":{"rendered":"<p>\u0130yi Parti Bal\u0131kesir Milletvekili Turhan \u00c7\u00f6mez, T\u00fcrkiye&#8217;nin mevcut siyasi d\u00fczenini ele\u015ftiren bir a\u00e7\u0131klama yapt\u0131. \u00c7\u00f6mez, tarih boyunca ya\u015fanan sorunlar\u0131n ve \u00e7\u00fcr\u00fcyen sistemin toplum \u00fczerindeki etkilerini dile getirdi. <\/p>\n<p>\u00c7\u00f6mez, \u201cBunlar\u0131 Allah ile kand\u0131r\u0131p Yunus Emre ile \u00e7ald\u0131lar\u201d ifadesiyle mevcut y\u00f6netimin halk\u0131 yan\u0131ltma \u00e7abalar\u0131na dikkat \u00e7ekti. Herkesin sorular\u0131na yan\u0131t bulmas\u0131n\u0131 istedi\u011fini belirten \u00c7\u00f6mez, \u201cHer birinin tek tek cevaplar\u0131n\u0131 bildi\u011fim sorular\u0131 milletimiz ad\u0131na sordum; bakal\u0131m ne diyecekler\u201d dedi. <\/p>\n<p>A\u00e7\u0131klamalar\u0131yla dikkat \u00e7eken \u00c7\u00f6mez, halk\u0131n bu koku\u015fmu\u015f d\u00fczenden ne kadar etkilendi\u011fine vurgu yapt\u0131. \u00dclkenin gelece\u011fi i\u00e7in bu sorgulamalar\u0131n gerekli oldu\u011funu ifade eden \u00c7\u00f6mez&#8217;in a\u00e7\u0131klamalar\u0131, kamuoyunda geni\u015f yank\u0131 buldu.<\/p>\n","protected":false},"excerpt":{"rendered":"<p>\u0130yi Parti Bal\u0131kesir Milletvekili Turhan \u00c7\u00f6mez, T\u00fcrkiye&#8217;nin mevcut siyasi d\u00fczenini ele\u015ftiren bir a\u00e7\u0131klama yapt\u0131. \u00c7\u00f6mez, tarih boyunca ya\u015fanan sorunlar\u0131n ve \u00e7\u00fcr\u00fcyen sistemin toplum \u00fczerindeki etkilerini dile getirdi. \u00c7\u00f6mez, \u201cBunlar\u0131 Allah ile kand\u0131r\u0131p Yunus Emre ile \u00e7ald\u0131lar\u201d ifadesiyle mevcut y\u00f6netimin halk\u0131&#8230;<\/p>\n","protected":false},"author":1,"featured_media":18770,"comment_status":"closed","ping_status":"closed","sticky":false,"template":"","format":"standard","meta":{"footnotes":""},"categories":[23],"tags":[],"class_list":["post-18769","post","type-post","status-publish","format-standard","has-post-thumbnail","hentry","category-siyaset"],"_links":{"self":[{"href":"http:\/\/gazetevizyon.com\/index.php?rest_route=\/wp\/v2\/posts\/18769","targetHints":{"allow":["GET"]}}],"collection":[{"href":"http:\/\/gazetevizyon.com\/index.php?rest_route=\/wp\/v2\/posts"}],"about":[{"href":"http:\/\/gazetevizyon.com\/index.php?rest_route=\/wp\/v2\/types\/post"}],"author":[{"embeddable":true,"href":"http:\/\/gazetevizyon.com\/index.php?rest_route=\/wp\/v2\/users\/1"}],"replies":[{"embeddable":true,"href":"http:\/\/gazetevizyon.com\/index.php?rest_route=%2Fwp%2Fv2%2Fcomments&post=18769"}],"version-history":[{"count":0,"href":"http:\/\/gazetevizyon.com\/index.php?rest_route=\/wp\/v2\/posts\/18769\/revisions"}],"wp:featuredmedia":[{"embeddable":true,"href":"http:\/\/gazetevizyon.com\/index.php?rest_route=\/wp\/v2\/media\/18770"}],"wp:attachment":[{"href":"http:\/\/gazetevizyon.com\/index.php?rest_route=%2Fwp%2Fv2%2Fmedia&parent=18769"}],"wp:term":[{"taxonomy":"category","embeddable":true,"href":"http:\/\/gazetevizyon.com\/index.php?rest_route=%2Fwp%2Fv2%2Fcategories&post=18769"},{"taxonomy":"post_tag","embeddable":true,"href":"http:\/\/gazetevizyon.com\/index.php?rest_route=%2Fwp%2Fv2%2Ftags&post=18769"}],"curies":[{"name":"wp","href":"https:\/\/api.w.org\/{rel}","templated":true}]}}