{"id":18771,"date":"2025-01-11T10:13:18","date_gmt":"2025-01-11T10:13:18","guid":{"rendered":"http:\/\/gazetevizyon.com\/?p=18771"},"modified":"2025-01-11T10:13:18","modified_gmt":"2025-01-11T10:13:18","slug":"iyi-parti-milletvekili-turhan-comez-olay-hakkinda-onemli-aciklamalarda-bulundu","status":"publish","type":"post","link":"http:\/\/gazetevizyon.com\/?p=18771","title":{"rendered":"\u0130yi Parti Milletvekili Turhan \u00c7\u00f6mez, Olay Hakk\u0131nda \u00d6nemli A\u00e7\u0131klamalarda Bulundu"},"content":{"rendered":"<p>\u0130yi Parti Bal\u0131kesir Milletvekili Turhan \u00c7\u00f6mez, son zamanlarda ya\u015fanan bir olaya ili\u015fkin dikkat \u00e7ekici a\u00e7\u0131klamalarda bulundu. \u00c7\u00f6mez, olay\u0131n ard\u0131ndan ge\u00e7en haftalara ra\u011fmen hala ceset par\u00e7alar\u0131n\u0131n toplanmaya devam etmesinin endi\u015fe verici oldu\u011funu dile getirdi. <\/p>\n<p>\u00c7\u00f6mez, konuyla ilgili olarak be\u015f farkl\u0131 bakanl\u0131\u011fa toplamda 150 soru y\u00f6neltti. Bu sorular\u0131n her birine tek tek cevaplar beklendi\u011fini ifade eden \u00c7\u00f6mez, olay\u0131n karanl\u0131k noktalar\u0131na dikkat \u00e7ekti. &#8220;\u00d6yle karanl\u0131k noktalar, \u00f6yle b\u00fcy\u00fck ihmaller var ki insan\u0131 deh\u015fete d\u00fc\u015f\u00fcr\u00fcyor,&#8221; diyen \u00c7\u00f6mez, ya\u015fanan kaosun ve sorumluluklar\u0131n ayd\u0131nlat\u0131lmas\u0131n\u0131 istedi. <\/p>\n<p>Kamuoyunu bilgilendirmek ve gerekli \u00f6nlemlerin al\u0131nmas\u0131n\u0131 sa\u011flamak amac\u0131yla bu sorular\u0131 sordu\u011funu vurgulayan \u00c7\u00f6mez, yetkililerin sorumlu\u011fundan ka\u00e7mamas\u0131 gerekti\u011fini belirtti. Bu ba\u011flamda, sorulara verilen yan\u0131tlar\u0131 ve bakanl\u0131klar\u0131n konuya ili\u015fkin tutumlar\u0131n\u0131 dikkatle izleyece\u011fini ifade etti.<\/p>\n","protected":false},"excerpt":{"rendered":"<p>\u0130yi Parti Bal\u0131kesir Milletvekili Turhan \u00c7\u00f6mez, son zamanlarda ya\u015fanan bir olaya ili\u015fkin dikkat \u00e7ekici a\u00e7\u0131klamalarda bulundu. \u00c7\u00f6mez, olay\u0131n ard\u0131ndan ge\u00e7en haftalara ra\u011fmen hala ceset par\u00e7alar\u0131n\u0131n toplanmaya devam etmesinin endi\u015fe verici oldu\u011funu dile getirdi. \u00c7\u00f6mez, konuyla ilgili olarak be\u015f farkl\u0131 bakanl\u0131\u011fa&#8230;<\/p>\n","protected":false},"author":1,"featured_media":18772,"comment_status":"closed","ping_status":"closed","sticky":false,"template":"","format":"standard","meta":{"footnotes":""},"categories":[23],"tags":[],"class_list":["post-18771","post","type-post","status-publish","format-standard","has-post-thumbnail","hentry","category-siyaset"],"_links":{"self":[{"href":"http:\/\/gazetevizyon.com\/index.php?rest_route=\/wp\/v2\/posts\/18771","targetHints":{"allow":["GET"]}}],"collection":[{"href":"http:\/\/gazetevizyon.com\/index.php?rest_route=\/wp\/v2\/posts"}],"about":[{"href":"http:\/\/gazetevizyon.com\/index.php?rest_route=\/wp\/v2\/types\/post"}],"author":[{"embeddable":true,"href":"http:\/\/gazetevizyon.com\/index.php?rest_route=\/wp\/v2\/users\/1"}],"replies":[{"embeddable":true,"href":"http:\/\/gazetevizyon.com\/index.php?rest_route=%2Fwp%2Fv2%2Fcomments&post=18771"}],"version-history":[{"count":0,"href":"http:\/\/gazetevizyon.com\/index.php?rest_route=\/wp\/v2\/posts\/18771\/revisions"}],"wp:featuredmedia":[{"embeddable":true,"href":"http:\/\/gazetevizyon.com\/index.php?rest_route=\/wp\/v2\/media\/18772"}],"wp:attachment":[{"href":"http:\/\/gazetevizyon.com\/index.php?rest_route=%2Fwp%2Fv2%2Fmedia&parent=18771"}],"wp:term":[{"taxonomy":"category","embeddable":true,"href":"http:\/\/gazetevizyon.com\/index.php?rest_route=%2Fwp%2Fv2%2Fcategories&post=18771"},{"taxonomy":"post_tag","embeddable":true,"href":"http:\/\/gazetevizyon.com\/index.php?rest_route=%2Fwp%2Fv2%2Ftags&post=18771"}],"curies":[{"name":"wp","href":"https:\/\/api.w.org\/{rel}","templated":true}]}}