{"id":18783,"date":"2025-01-11T09:49:24","date_gmt":"2025-01-11T09:49:24","guid":{"rendered":"http:\/\/gazetevizyon.com\/?p=18783"},"modified":"2025-01-11T09:49:24","modified_gmt":"2025-01-11T09:49:24","slug":"on-ocakta-gazeteciler-gunu-kutlaniyor","status":"publish","type":"post","link":"http:\/\/gazetevizyon.com\/?p=18783","title":{"rendered":"On Ocak&#8217;ta Gazeteciler G\u00fcn\u00fc Kutlan\u0131yor"},"content":{"rendered":"<p>Her y\u0131l 10 Ocak&#8217;ta kutlanan \u00c7al\u0131\u015fan Gazeteciler G\u00fcn\u00fc, demokratik ya\u015fam\u0131n \u00f6nemli bir unsuru olan bas\u0131n \u00f6zg\u00fcrl\u00fc\u011f\u00fcne dikkat \u00e7ekiyor. Gazetecilerin, toplumu bilgilendirme g\u00f6revlerini yerine getirirken kar\u015f\u0131la\u015ft\u0131klar\u0131 zorluklar ve bask\u0131lar da g\u00fcndeme getiriliyor.<\/p>\n<p>Gazetecilerin \u00d6nemi<\/p>\n<p>Gazetecilik, bilgi ak\u0131\u015f\u0131n\u0131 sa\u011flamak ve kamuoyunu ayd\u0131nlatmak i\u00e7in kritik bir role sahiptir. Bu \u00f6zg\u00fcrl\u00fc\u011f\u00fc savunan gazeteciler, toplumun do\u011fru bilgiye ula\u015fmas\u0131n\u0131 sa\u011flamak i\u00e7in \u00f6zveriyle \u00e7al\u0131\u015fmaktad\u0131r. T\u00fcm bu zorluklara ra\u011fmen sa\u011flam durarak hakikatin pe\u015finden ko\u015fan gazeteciler, demokrasinin temel ta\u015flar\u0131ndan birini olu\u015fturmaktad\u0131rlar.<\/p>\n<p>Bas\u0131n Emek\u00e7ilerinin Eme\u011fi<\/p>\n<p>10 Ocak, sadece gazetecilerin de\u011fil, ayn\u0131 zamanda onlar\u0131n \u00e7al\u0131\u015fmalar\u0131n\u0131n arkas\u0131ndaki \u00f6zverinin de takdir edildi\u011fi bir g\u00fcnd\u00fcr. Kalemini e\u011fip b\u00fckmeden hakikatin yan\u0131ndan ayr\u0131lmayan t\u00fcm bas\u0131n emek\u00e7ileri, bu \u00f6zel g\u00fcnde onurland\u0131r\u0131lmaktad\u0131r. Gazetecilerin ciddi ko\u015fullar alt\u0131nda verdikleri m\u00fccadele, toplumsal bilincin ve demokratik de\u011ferlere sayg\u0131n\u0131n g\u00fc\u00e7lenmesine katk\u0131da bulunmaktad\u0131r.<\/p>\n<p>Gelecek \u0130\u00e7in Birlikte M\u00fccadele<\/p>\n<p>Toplumun geli\u015fimi i\u00e7in daha \u00f6zg\u00fcr ve e\u015fit bir T\u00fcrkiye hedefleyen gazeteciler, bu yolda birlikte m\u00fccadele edeceklerinin alt\u0131n\u0131 \u00e7izmektedir. Bas\u0131n \u00f6zg\u00fcrl\u00fc\u011f\u00fcn\u00fcn sa\u011flanmas\u0131 ve korunmas\u0131 ad\u0131na at\u0131lacak her ad\u0131m, daha demokratik bir toplum i\u00e7in \u00f6nemlidir.<\/p>\n<p>T\u00fcm bu sebeplerle, 10 Ocak \u00c7al\u0131\u015fan Gazeteciler G\u00fcn\u00fc, bas\u0131n \u00f6zg\u00fcrl\u00fc\u011f\u00fcn\u00fcn \u00f6nemini vurgulamakta ve gazetecilerin haklar\u0131n\u0131 savunman\u0131n gereklili\u011fini hat\u0131rlatmaktad\u0131r.<\/p>\n","protected":false},"excerpt":{"rendered":"<p>Her y\u0131l 10 Ocak&#8217;ta kutlanan \u00c7al\u0131\u015fan Gazeteciler G\u00fcn\u00fc, demokratik ya\u015fam\u0131n \u00f6nemli bir unsuru olan bas\u0131n \u00f6zg\u00fcrl\u00fc\u011f\u00fcne dikkat \u00e7ekiyor. Gazetecilerin, toplumu bilgilendirme g\u00f6revlerini yerine getirirken kar\u015f\u0131la\u015ft\u0131klar\u0131 zorluklar ve bask\u0131lar da g\u00fcndeme getiriliyor. Gazetecilerin \u00d6nemi Gazetecilik, bilgi ak\u0131\u015f\u0131n\u0131 sa\u011flamak ve kamuoyunu ayd\u0131nlatmak&#8230;<\/p>\n","protected":false},"author":1,"featured_media":18784,"comment_status":"closed","ping_status":"closed","sticky":false,"template":"","format":"standard","meta":{"footnotes":""},"categories":[23],"tags":[],"class_list":["post-18783","post","type-post","status-publish","format-standard","has-post-thumbnail","hentry","category-siyaset"],"_links":{"self":[{"href":"http:\/\/gazetevizyon.com\/index.php?rest_route=\/wp\/v2\/posts\/18783","targetHints":{"allow":["GET"]}}],"collection":[{"href":"http:\/\/gazetevizyon.com\/index.php?rest_route=\/wp\/v2\/posts"}],"about":[{"href":"http:\/\/gazetevizyon.com\/index.php?rest_route=\/wp\/v2\/types\/post"}],"author":[{"embeddable":true,"href":"http:\/\/gazetevizyon.com\/index.php?rest_route=\/wp\/v2\/users\/1"}],"replies":[{"embeddable":true,"href":"http:\/\/gazetevizyon.com\/index.php?rest_route=%2Fwp%2Fv2%2Fcomments&post=18783"}],"version-history":[{"count":0,"href":"http:\/\/gazetevizyon.com\/index.php?rest_route=\/wp\/v2\/posts\/18783\/revisions"}],"wp:featuredmedia":[{"embeddable":true,"href":"http:\/\/gazetevizyon.com\/index.php?rest_route=\/wp\/v2\/media\/18784"}],"wp:attachment":[{"href":"http:\/\/gazetevizyon.com\/index.php?rest_route=%2Fwp%2Fv2%2Fmedia&parent=18783"}],"wp:term":[{"taxonomy":"category","embeddable":true,"href":"http:\/\/gazetevizyon.com\/index.php?rest_route=%2Fwp%2Fv2%2Fcategories&post=18783"},{"taxonomy":"post_tag","embeddable":true,"href":"http:\/\/gazetevizyon.com\/index.php?rest_route=%2Fwp%2Fv2%2Ftags&post=18783"}],"curies":[{"name":"wp","href":"https:\/\/api.w.org\/{rel}","templated":true}]}}