{"id":18889,"date":"2025-01-13T06:58:57","date_gmt":"2025-01-13T06:58:57","guid":{"rendered":"http:\/\/gazetevizyon.com\/?p=18889"},"modified":"2025-01-13T06:58:57","modified_gmt":"2025-01-13T06:58:57","slug":"emeklilere-kirmizi-kart-cagrisi","status":"publish","type":"post","link":"http:\/\/gazetevizyon.com\/?p=18889","title":{"rendered":"Emeklilere K\u0131rm\u0131z\u0131 Kart \u00c7a\u011fr\u0131s\u0131"},"content":{"rendered":"<p>CHP Genel Ba\u015fkan Yard\u0131mc\u0131s\u0131 ve Bal\u0131kesir Milletvekili, emeklileri ve t\u00fcm ezilenleri y\u00f6netim kar\u015f\u0131s\u0131nda seslerini y\u00fckseltmeye \u00e7a\u011f\u0131rd\u0131. Bu a\u00e7\u0131klama, artan ya\u015fam maliyetleri ve sosyal politika ele\u015ftirileri do\u011frultusunda yap\u0131ld\u0131. Partinin, emeklilerin ve i\u015f\u00e7ilerin haklar\u0131n\u0131n korunmas\u0131 amac\u0131yla bir araya gelmesi gerekti\u011fi vurguland\u0131. Yap\u0131lan a\u00e7\u0131klama, toplumda hareketlilik yaratma hedefi ta\u015f\u0131rken, mevcut iktidara y\u00f6nelik ele\u015ftirilerin de \u00f6ne \u00e7\u0131kt\u0131\u011f\u0131 bir kampanyan\u0131n par\u00e7as\u0131 olarak de\u011ferlendirildi. Toplumun farkl\u0131 kesimlerinin g\u00fc\u00e7 birli\u011fi yaparak, taleplerini y\u00fcksek sesle dile getirmeleri gerekti\u011fi ifade edildi. Bu ba\u011flamda, emeklilere ve i\u015f\u00e7ilere, iktidara kar\u015f\u0131 dayan\u0131\u015fma i\u00e7erisinde olmalar\u0131 y\u00f6n\u00fcnde bir mesaj iletildi. Bu durum, siyasi arenada \u00f6nemli bir tart\u0131\u015fma konusu haline geliyor.<\/p>\n","protected":false},"excerpt":{"rendered":"<p>CHP Genel Ba\u015fkan Yard\u0131mc\u0131s\u0131 ve Bal\u0131kesir Milletvekili, emeklileri ve t\u00fcm ezilenleri y\u00f6netim kar\u015f\u0131s\u0131nda seslerini y\u00fckseltmeye \u00e7a\u011f\u0131rd\u0131. Bu a\u00e7\u0131klama, artan ya\u015fam maliyetleri ve sosyal politika ele\u015ftirileri do\u011frultusunda yap\u0131ld\u0131. Partinin, emeklilerin ve i\u015f\u00e7ilerin haklar\u0131n\u0131n korunmas\u0131 amac\u0131yla bir araya gelmesi gerekti\u011fi vurguland\u0131. Yap\u0131lan&#8230;<\/p>\n","protected":false},"author":1,"featured_media":18890,"comment_status":"closed","ping_status":"closed","sticky":false,"template":"","format":"standard","meta":{"footnotes":""},"categories":[23],"tags":[],"class_list":["post-18889","post","type-post","status-publish","format-standard","has-post-thumbnail","hentry","category-siyaset"],"_links":{"self":[{"href":"http:\/\/gazetevizyon.com\/index.php?rest_route=\/wp\/v2\/posts\/18889","targetHints":{"allow":["GET"]}}],"collection":[{"href":"http:\/\/gazetevizyon.com\/index.php?rest_route=\/wp\/v2\/posts"}],"about":[{"href":"http:\/\/gazetevizyon.com\/index.php?rest_route=\/wp\/v2\/types\/post"}],"author":[{"embeddable":true,"href":"http:\/\/gazetevizyon.com\/index.php?rest_route=\/wp\/v2\/users\/1"}],"replies":[{"embeddable":true,"href":"http:\/\/gazetevizyon.com\/index.php?rest_route=%2Fwp%2Fv2%2Fcomments&post=18889"}],"version-history":[{"count":0,"href":"http:\/\/gazetevizyon.com\/index.php?rest_route=\/wp\/v2\/posts\/18889\/revisions"}],"wp:featuredmedia":[{"embeddable":true,"href":"http:\/\/gazetevizyon.com\/index.php?rest_route=\/wp\/v2\/media\/18890"}],"wp:attachment":[{"href":"http:\/\/gazetevizyon.com\/index.php?rest_route=%2Fwp%2Fv2%2Fmedia&parent=18889"}],"wp:term":[{"taxonomy":"category","embeddable":true,"href":"http:\/\/gazetevizyon.com\/index.php?rest_route=%2Fwp%2Fv2%2Fcategories&post=18889"},{"taxonomy":"post_tag","embeddable":true,"href":"http:\/\/gazetevizyon.com\/index.php?rest_route=%2Fwp%2Fv2%2Ftags&post=18889"}],"curies":[{"name":"wp","href":"https:\/\/api.w.org\/{rel}","templated":true}]}}