{"id":19155,"date":"2025-01-17T16:44:20","date_gmt":"2025-01-17T16:44:20","guid":{"rendered":"http:\/\/gazetevizyon.com\/?p=19155"},"modified":"2025-01-17T16:44:20","modified_gmt":"2025-01-17T16:44:20","slug":"tbmmde-adalet-akademisi-kanunu-gorusmeleri-devam-ediyor","status":"publish","type":"post","link":"http:\/\/gazetevizyon.com\/?p=19155","title":{"rendered":"TBMM&#8217;de Adalet Akademisi Kanunu G\u00f6r\u00fc\u015fmeleri Devam Ediyor"},"content":{"rendered":"<p>T\u00fcrkiye B\u00fcy\u00fck Millet Meclisi&#8217;nde \u00f6nemli bir yasa teklifi \u00fczerinde g\u00f6r\u00fc\u015fmeler s\u00fcr\u00fcyor. 178 S\u0131ra Say\u0131l\u0131 T\u00fcrkiye Adalet Akademisi Kanunu Teklifi, yasama s\u00fcrecinin \u00f6nemli bir par\u00e7as\u0131 olarak g\u00fcndemde yer al\u0131yor. Yasa teklifi, adalet sisteminin geli\u015fimine y\u00f6nelik yenilikler ve d\u00fczenlemeler i\u00e7ermekte. TBMM&#8217;de yap\u0131lan g\u00f6r\u00fc\u015fmeler, adalet alan\u0131ndaki reformlar\u0131n \u00f6n\u00fcn\u00fc a\u00e7may\u0131 hedefliyor.<\/p>\n<p>Bu ba\u011flamda, adalet akademisinin rol\u00fc ve i\u015fleyi\u015fine dair detaylar\u0131n ele al\u0131nd\u0131\u011f\u0131 kat\u0131l\u0131mlarla ilerleyen s\u00fcre\u00e7, hukuk camias\u0131 ve kamuoyu taraf\u0131ndan yak\u0131ndan takip ediliyor. Bu kanun teklifi ile birlikte, Adalet Akademisi&#8217;nin e\u011fitim programlar\u0131n\u0131n g\u00fc\u00e7lendirilmesi ve adalet sistemine nitelikli insan kaynaklar\u0131 kazand\u0131r\u0131lmas\u0131 ama\u00e7lan\u0131yor. B\u00f6ylece, adalet sekt\u00f6r\u00fcnde etkinli\u011fi art\u0131rmak hedefleniyor. G\u00f6r\u00fc\u015fmelerin ne zaman sonlanaca\u011f\u0131na dair bir tarih hen\u00fcz netle\u015fmedi. Ancak, TBMM&#8217;nin yo\u011fun g\u00fcndeminde \u00f6nemli bir yer tutan bu teklifin, \u00fclkenin hukuk yap\u0131s\u0131na olumlu katk\u0131lar sa\u011flamas\u0131 bekleniyor.<\/p>\n","protected":false},"excerpt":{"rendered":"<p>T\u00fcrkiye B\u00fcy\u00fck Millet Meclisi&#8217;nde \u00f6nemli bir yasa teklifi \u00fczerinde g\u00f6r\u00fc\u015fmeler s\u00fcr\u00fcyor. 178 S\u0131ra Say\u0131l\u0131 T\u00fcrkiye Adalet Akademisi Kanunu Teklifi, yasama s\u00fcrecinin \u00f6nemli bir par\u00e7as\u0131 olarak g\u00fcndemde yer al\u0131yor. Yasa teklifi, adalet sisteminin geli\u015fimine y\u00f6nelik yenilikler ve d\u00fczenlemeler i\u00e7ermekte. TBMM&#8217;de yap\u0131lan&#8230;<\/p>\n","protected":false},"author":1,"featured_media":19156,"comment_status":"closed","ping_status":"closed","sticky":false,"template":"","format":"standard","meta":{"footnotes":""},"categories":[23],"tags":[],"class_list":["post-19155","post","type-post","status-publish","format-standard","has-post-thumbnail","hentry","category-siyaset"],"_links":{"self":[{"href":"http:\/\/gazetevizyon.com\/index.php?rest_route=\/wp\/v2\/posts\/19155","targetHints":{"allow":["GET"]}}],"collection":[{"href":"http:\/\/gazetevizyon.com\/index.php?rest_route=\/wp\/v2\/posts"}],"about":[{"href":"http:\/\/gazetevizyon.com\/index.php?rest_route=\/wp\/v2\/types\/post"}],"author":[{"embeddable":true,"href":"http:\/\/gazetevizyon.com\/index.php?rest_route=\/wp\/v2\/users\/1"}],"replies":[{"embeddable":true,"href":"http:\/\/gazetevizyon.com\/index.php?rest_route=%2Fwp%2Fv2%2Fcomments&post=19155"}],"version-history":[{"count":0,"href":"http:\/\/gazetevizyon.com\/index.php?rest_route=\/wp\/v2\/posts\/19155\/revisions"}],"wp:featuredmedia":[{"embeddable":true,"href":"http:\/\/gazetevizyon.com\/index.php?rest_route=\/wp\/v2\/media\/19156"}],"wp:attachment":[{"href":"http:\/\/gazetevizyon.com\/index.php?rest_route=%2Fwp%2Fv2%2Fmedia&parent=19155"}],"wp:term":[{"taxonomy":"category","embeddable":true,"href":"http:\/\/gazetevizyon.com\/index.php?rest_route=%2Fwp%2Fv2%2Fcategories&post=19155"},{"taxonomy":"post_tag","embeddable":true,"href":"http:\/\/gazetevizyon.com\/index.php?rest_route=%2Fwp%2Fv2%2Ftags&post=19155"}],"curies":[{"name":"wp","href":"https:\/\/api.w.org\/{rel}","templated":true}]}}