{"id":19273,"date":"2025-01-18T05:12:50","date_gmt":"2025-01-18T05:12:50","guid":{"rendered":"http:\/\/gazetevizyon.com\/?p=19273"},"modified":"2025-01-18T05:12:50","modified_gmt":"2025-01-18T05:12:50","slug":"acik-ogretim-ortaokulu-ogrencileri-icin-onemli-duyuru","status":"publish","type":"post","link":"http:\/\/gazetevizyon.com\/?p=19273","title":{"rendered":"A\u00e7\u0131k \u00d6\u011fretim Ortaokulu \u00d6\u011frencileri i\u00e7in \u00d6nemli Duyuru"},"content":{"rendered":"<p>A\u00e7\u0131k \u00d6\u011fretim Ortaokulu, 2024-2025 E\u011fitim \u00d6\u011fretim Y\u0131l\u0131 II D\u00f6nem eS\u0131navlar\u0131&#8217;n\u0131n 12-28 Mart 2025 tarihleri aras\u0131nda d\u00fczenlenece\u011fini duyurdu. \u00d6\u011frenciler, bu s\u0131navlara kat\u0131lmak i\u00e7in belirlenen eS\u0131nav merkezlerine gitmesi gerekmektedir.<\/p>\n<p>**E-S\u0131nav Randevular\u0131**<br \/>\n\u00d6\u011frenciler, s\u0131nav salonu ve oturum randevular\u0131n\u0131 almak i\u00e7in 13 Ocak-17 \u015eubat 2025 tarihleri aras\u0131nda https:\/\/aionetme.meb.gov.tr\/OgrenciGiris.aspx adresine \u00f6\u011frenci TC kimlik numaras\u0131 ve \u015fifreleri ile giri\u015f yapmal\u0131d\u0131r. KKTC&#8217;deki \u00f6\u011frenciler ise, sadece engelli ve tutuklu\/h\u00fck\u00fcml\u00fc \u00f6\u011frenciler hari\u00e7 olmak \u00fczere, eS\u0131nav randevusu almak zorundad\u0131r.<\/p>\n<p>**S\u0131nav Giri\u015f Belgeleri**<br \/>\n\u00d6\u011frenciler, 24 \u015eubat 2025 tarihinden itibaren ayn\u0131 internet adresinden foto\u011frafl\u0131 s\u0131nav giri\u015f belgelerini alabilirler.<\/p>\n<p>**Sonu\u00e7lar\u0131n \u00d6\u011frenilmesi**<br \/>\n\u00d6\u011frenciler, 21 Nisan 2025 tarihinden itibaren s\u0131nav sonu\u00e7 bilgilerine ayn\u0131 internet adresi \u00fczerinden eri\u015febilirler.<\/p>\n<p>Bu s\u00fcre\u00e7, A\u00e7\u0131k \u00d6\u011fretim Ortaokulu \u00f6\u011frencilerinin s\u0131navlara zaman\u0131nda ve eksiksiz haz\u0131rlanmalar\u0131 i\u00e7in \u00f6nemli bir f\u0131rsat sunmaktad\u0131r.<\/p>\n","protected":false},"excerpt":{"rendered":"<p>A\u00e7\u0131k \u00d6\u011fretim Ortaokulu, 2024-2025 E\u011fitim \u00d6\u011fretim Y\u0131l\u0131 II D\u00f6nem eS\u0131navlar\u0131&#8217;n\u0131n 12-28 Mart 2025 tarihleri aras\u0131nda d\u00fczenlenece\u011fini duyurdu. \u00d6\u011frenciler, bu s\u0131navlara kat\u0131lmak i\u00e7in belirlenen eS\u0131nav merkezlerine gitmesi gerekmektedir. **E-S\u0131nav Randevular\u0131** \u00d6\u011frenciler, s\u0131nav salonu ve oturum randevular\u0131n\u0131 almak i\u00e7in 13 Ocak-17 \u015eubat&#8230;<\/p>\n","protected":false},"author":1,"featured_media":19274,"comment_status":"closed","ping_status":"closed","sticky":false,"template":"","format":"standard","meta":{"footnotes":""},"categories":[23],"tags":[],"class_list":["post-19273","post","type-post","status-publish","format-standard","has-post-thumbnail","hentry","category-siyaset"],"_links":{"self":[{"href":"http:\/\/gazetevizyon.com\/index.php?rest_route=\/wp\/v2\/posts\/19273","targetHints":{"allow":["GET"]}}],"collection":[{"href":"http:\/\/gazetevizyon.com\/index.php?rest_route=\/wp\/v2\/posts"}],"about":[{"href":"http:\/\/gazetevizyon.com\/index.php?rest_route=\/wp\/v2\/types\/post"}],"author":[{"embeddable":true,"href":"http:\/\/gazetevizyon.com\/index.php?rest_route=\/wp\/v2\/users\/1"}],"replies":[{"embeddable":true,"href":"http:\/\/gazetevizyon.com\/index.php?rest_route=%2Fwp%2Fv2%2Fcomments&post=19273"}],"version-history":[{"count":0,"href":"http:\/\/gazetevizyon.com\/index.php?rest_route=\/wp\/v2\/posts\/19273\/revisions"}],"wp:featuredmedia":[{"embeddable":true,"href":"http:\/\/gazetevizyon.com\/index.php?rest_route=\/wp\/v2\/media\/19274"}],"wp:attachment":[{"href":"http:\/\/gazetevizyon.com\/index.php?rest_route=%2Fwp%2Fv2%2Fmedia&parent=19273"}],"wp:term":[{"taxonomy":"category","embeddable":true,"href":"http:\/\/gazetevizyon.com\/index.php?rest_route=%2Fwp%2Fv2%2Fcategories&post=19273"},{"taxonomy":"post_tag","embeddable":true,"href":"http:\/\/gazetevizyon.com\/index.php?rest_route=%2Fwp%2Fv2%2Ftags&post=19273"}],"curies":[{"name":"wp","href":"https:\/\/api.w.org\/{rel}","templated":true}]}}