{"id":19389,"date":"2025-01-21T03:46:29","date_gmt":"2025-01-21T03:46:29","guid":{"rendered":"http:\/\/gazetevizyon.com\/?p=19389"},"modified":"2025-01-21T03:46:29","modified_gmt":"2025-01-21T03:46:29","slug":"chpli-yetkili-izmirde-yurttaslarla-bulustu","status":"publish","type":"post","link":"http:\/\/gazetevizyon.com\/?p=19389","title":{"rendered":"CHP&#8217;li Yetkili \u0130zmir&#8217;de Yurtta\u015flarla Bulu\u015ftu"},"content":{"rendered":"<p>Cumhuriyet Halk Partisi (CHP) Genel Ba\u015fkan Yard\u0131mc\u0131s\u0131 ve Bal\u0131kesir Milletvekili, \u0130zmir&#8217;de d\u00fczenlenen bir etkinlikte yurtta\u015flarla bir araya geldi.<\/p>\n<p>Yurtta\u015flar, iktidara kar\u015f\u0131 tepkilerini g\u00f6stermek amac\u0131yla etkinlikte &#8216;k\u0131rm\u0131z\u0131 kart&#8217; eylemi ger\u00e7ekle\u015ftirdi.<\/p>\n<p>CHP yetkilisi konu\u015fmas\u0131nda, bu k\u0131rm\u0131z\u0131 kart\u0131n partisinin oldu\u011fu her yerde, pazarlarda, tarlalarda, k\u00f6ylerde ve bah\u00e7elerde bir simge haline gelece\u011fini vurgulad\u0131.<\/p>\n<p>Ayr\u0131ca, etkinli\u011fin \u00f6nemli bir mesaj ta\u015f\u0131d\u0131\u011f\u0131n\u0131 belirterek, &#8220;Sand\u0131k gelene kadar aya\u011fa kalk\u0131yoruz ve k\u0131rm\u0131z\u0131 kartlar\u0131m\u0131z\u0131 g\u00f6steriyoruz&#8221; ifadesini kulland\u0131.<\/p>\n","protected":false},"excerpt":{"rendered":"<p>Cumhuriyet Halk Partisi (CHP) Genel Ba\u015fkan Yard\u0131mc\u0131s\u0131 ve Bal\u0131kesir Milletvekili, \u0130zmir&#8217;de d\u00fczenlenen bir etkinlikte yurtta\u015flarla bir araya geldi. Yurtta\u015flar, iktidara kar\u015f\u0131 tepkilerini g\u00f6stermek amac\u0131yla etkinlikte &#8216;k\u0131rm\u0131z\u0131 kart&#8217; eylemi ger\u00e7ekle\u015ftirdi. CHP yetkilisi konu\u015fmas\u0131nda, bu k\u0131rm\u0131z\u0131 kart\u0131n partisinin oldu\u011fu her yerde, pazarlarda,&#8230;<\/p>\n","protected":false},"author":1,"featured_media":19390,"comment_status":"closed","ping_status":"closed","sticky":false,"template":"","format":"standard","meta":{"footnotes":""},"categories":[23],"tags":[],"class_list":["post-19389","post","type-post","status-publish","format-standard","has-post-thumbnail","hentry","category-siyaset"],"_links":{"self":[{"href":"http:\/\/gazetevizyon.com\/index.php?rest_route=\/wp\/v2\/posts\/19389","targetHints":{"allow":["GET"]}}],"collection":[{"href":"http:\/\/gazetevizyon.com\/index.php?rest_route=\/wp\/v2\/posts"}],"about":[{"href":"http:\/\/gazetevizyon.com\/index.php?rest_route=\/wp\/v2\/types\/post"}],"author":[{"embeddable":true,"href":"http:\/\/gazetevizyon.com\/index.php?rest_route=\/wp\/v2\/users\/1"}],"replies":[{"embeddable":true,"href":"http:\/\/gazetevizyon.com\/index.php?rest_route=%2Fwp%2Fv2%2Fcomments&post=19389"}],"version-history":[{"count":0,"href":"http:\/\/gazetevizyon.com\/index.php?rest_route=\/wp\/v2\/posts\/19389\/revisions"}],"wp:featuredmedia":[{"embeddable":true,"href":"http:\/\/gazetevizyon.com\/index.php?rest_route=\/wp\/v2\/media\/19390"}],"wp:attachment":[{"href":"http:\/\/gazetevizyon.com\/index.php?rest_route=%2Fwp%2Fv2%2Fmedia&parent=19389"}],"wp:term":[{"taxonomy":"category","embeddable":true,"href":"http:\/\/gazetevizyon.com\/index.php?rest_route=%2Fwp%2Fv2%2Fcategories&post=19389"},{"taxonomy":"post_tag","embeddable":true,"href":"http:\/\/gazetevizyon.com\/index.php?rest_route=%2Fwp%2Fv2%2Ftags&post=19389"}],"curies":[{"name":"wp","href":"https:\/\/api.w.org\/{rel}","templated":true}]}}