{"id":19477,"date":"2025-01-22T10:57:44","date_gmt":"2025-01-22T10:57:44","guid":{"rendered":"http:\/\/gazetevizyon.com\/?p=19477"},"modified":"2025-01-22T10:57:44","modified_gmt":"2025-01-22T10:57:44","slug":"kaymakam-ve-il-milli-egitim-muduru-havranda-istisare-toplantisi-gerceklestirdi","status":"publish","type":"post","link":"http:\/\/gazetevizyon.com\/?p=19477","title":{"rendered":"Kaymakam ve \u0130l Milli E\u011fitim M\u00fcd\u00fcr\u00fc Havran&#8217;da \u0130sti\u015fare Toplant\u0131s\u0131 Ger\u00e7ekle\u015ftirdi"},"content":{"rendered":"<p>Havran Kaymakam\u0131 Enver \u00d6zderin, Kaymakam Aday\u0131 Yusuf Emre Yi\u011fit ile birlikte \u0130l Milli E\u011fitim M\u00fcd\u00fcr\u00fc Murat Demir\u2019i ziyaret etti. Ziyaret, Havran il\u00e7esinde e\u011fitim alan\u0131ndaki \u00e7al\u0131\u015fmalar\u0131n de\u011ferlendirilmesi amac\u0131yla ger\u00e7ekle\u015ftirildi. <\/p>\n<p>E\u011fitim alan\u0131ndaki geli\u015fmelerin ele al\u0131nd\u0131\u011f\u0131 g\u00f6r\u00fc\u015fmede, il\u00e7e e\u011fitimine y\u00f6nelik projeler ve mevcut durum hakk\u0131nda isti\u015farelerde bulunuldu. Yetkililerin bir araya gelmesi, Havran&#8217;daki e\u011fitim kalitesinin art\u0131r\u0131lmas\u0131 y\u00f6n\u00fcnde at\u0131lacak ad\u0131mlar\u0131n planlanmas\u0131na katk\u0131 sa\u011flad\u0131.<\/p>\n","protected":false},"excerpt":{"rendered":"<p>Havran Kaymakam\u0131 Enver \u00d6zderin, Kaymakam Aday\u0131 Yusuf Emre Yi\u011fit ile birlikte \u0130l Milli E\u011fitim M\u00fcd\u00fcr\u00fc Murat Demir\u2019i ziyaret etti. Ziyaret, Havran il\u00e7esinde e\u011fitim alan\u0131ndaki \u00e7al\u0131\u015fmalar\u0131n de\u011ferlendirilmesi amac\u0131yla ger\u00e7ekle\u015ftirildi. E\u011fitim alan\u0131ndaki geli\u015fmelerin ele al\u0131nd\u0131\u011f\u0131 g\u00f6r\u00fc\u015fmede, il\u00e7e e\u011fitimine y\u00f6nelik projeler ve mevcut&#8230;<\/p>\n","protected":false},"author":1,"featured_media":19478,"comment_status":"closed","ping_status":"closed","sticky":false,"template":"","format":"standard","meta":{"footnotes":""},"categories":[27],"tags":[],"class_list":["post-19477","post","type-post","status-publish","format-standard","has-post-thumbnail","hentry","category-egitim"],"_links":{"self":[{"href":"http:\/\/gazetevizyon.com\/index.php?rest_route=\/wp\/v2\/posts\/19477","targetHints":{"allow":["GET"]}}],"collection":[{"href":"http:\/\/gazetevizyon.com\/index.php?rest_route=\/wp\/v2\/posts"}],"about":[{"href":"http:\/\/gazetevizyon.com\/index.php?rest_route=\/wp\/v2\/types\/post"}],"author":[{"embeddable":true,"href":"http:\/\/gazetevizyon.com\/index.php?rest_route=\/wp\/v2\/users\/1"}],"replies":[{"embeddable":true,"href":"http:\/\/gazetevizyon.com\/index.php?rest_route=%2Fwp%2Fv2%2Fcomments&post=19477"}],"version-history":[{"count":0,"href":"http:\/\/gazetevizyon.com\/index.php?rest_route=\/wp\/v2\/posts\/19477\/revisions"}],"wp:featuredmedia":[{"embeddable":true,"href":"http:\/\/gazetevizyon.com\/index.php?rest_route=\/wp\/v2\/media\/19478"}],"wp:attachment":[{"href":"http:\/\/gazetevizyon.com\/index.php?rest_route=%2Fwp%2Fv2%2Fmedia&parent=19477"}],"wp:term":[{"taxonomy":"category","embeddable":true,"href":"http:\/\/gazetevizyon.com\/index.php?rest_route=%2Fwp%2Fv2%2Fcategories&post=19477"},{"taxonomy":"post_tag","embeddable":true,"href":"http:\/\/gazetevizyon.com\/index.php?rest_route=%2Fwp%2Fv2%2Ftags&post=19477"}],"curies":[{"name":"wp","href":"https:\/\/api.w.org\/{rel}","templated":true}]}}