{"id":1953,"date":"2018-12-07T14:53:32","date_gmt":"2018-12-07T14:53:32","guid":{"rendered":"http:\/\/gazetevizyon.com\/?p=1953"},"modified":"2018-12-07T14:53:32","modified_gmt":"2018-12-07T14:53:32","slug":"balikesirli-fikir-adami-hasan-basri-cantay-anildi","status":"publish","type":"post","link":"http:\/\/gazetevizyon.com\/?p=1953","title":{"rendered":"BALIKES\u0130RL\u0130 F\u0130K\u0130R ADAMI HASAN BASR\u0130 \u00c7ANTAY ANILDI"},"content":{"rendered":"<p><strong>BALIKES\u0130RL\u0130 F\u0130K\u0130R ADAMI HASAN BASR\u0130 \u00c7ANTAY ANILDI<\/strong><\/p>\n<p>\u0130stiklal Mar\u015f\u0131m\u0131z\u0131 yazmas\u0131 i\u00e7in Mehmet Akif Ersoy&#8217;u te\u015fvik eden Bal\u0131kesirli \u00fcnl\u00fc fikir ve m\u00fccadele adam\u0131 Hasan Basri \u00c7antay, vefat\u0131n\u0131n 54. y\u0131l d\u00f6n\u00fcm\u00fcnde d\u00fczenlenen anlaml\u0131 bir\u00a0 programla an\u0131ld\u0131.<\/p>\n<p>BALIKES\u0130R Hasan Basri \u00c7antay&#8217;\u0131 unutmad\u0131. \u00dclkemizin \u00f6nde gelen de\u011ferlerinden Bal\u0131kesirli Hasan Basri \u00c7antay, vefat\u0131n\u0131n 54.y\u0131l d\u00f6n\u00fcm\u00fcnde kendi ad\u0131n\u0131 ta\u015f\u0131yan Kasaplar Mahallesindeki Gen\u00e7lik Merkezindeki programla y\u00e2d edildi.<\/p>\n<p>Hasan Basri \u00c7antay Gen\u00e7lik Derne\u011fi, Bal\u0131kesir B\u00fcy\u00fck D\u00fc\u015f\u00fcnen Gen\u00e7lik Derne\u011fi ve Bal\u0131kesir Yazarlar ve \u015eairler Derne\u011fi i\u015fbirli\u011finde d\u00fczenlenen programda, Tarih Ara\u015ft\u0131rmac\u0131s\u0131 ve Yazar Ayd\u0131n Ayhan, E\u011fitimci-Yazar Yusuf Akg\u00fcl ile Bal\u0131kesir \u00dcniversitesi \u0130lahiyat Fak\u00fcltesi Dekan Yard\u0131mc\u0131s\u0131 Do\u00e7. Dr. Mehmet \u00d6zkan konu\u015fmac\u0131 olarak kat\u0131ld\u0131.<\/p>\n<p>Program\u0131n moderat\u00f6rl\u00fc\u011f\u00fcn\u00fc e\u011fitimci-yazar Yusuf Akg\u00fcl \u00fcstlendi.<\/p>\n<p>Ayd\u0131n Ayhan, \u00fcstat \u00c7antay&#8217;\u0131n \u00e7ocuklu\u011fundan ba\u015flay\u0131p vefat\u0131na kadar ge\u00e7en s\u00fcre\u00e7teki ya\u015fam\u0131n\u0131 ak\u0131c\u0131 bir \u015fekilde anlat\u0131rken dinleyicileri hem duyguland\u0131rd\u0131, hem d\u00fc\u015f\u00fcnd\u00fcrd\u00fc.<\/p>\n<p>Mehmet \u00d6zkan ise, dini \u00e7al\u0131\u015fmalar\u0131ndan \u00f6rnekler verdi\u011fi\u00a0 Hasan Basri \u00c7antay&#8217;\u0131n islam d\u00fcnyas\u0131na katk\u0131lar\u0131n\u0131 anlatt\u0131.<\/p>\n<p>Kuran-\u0131 Kerim tilavetiyle ba\u015flayan ve yakla\u015f\u0131k iki saat s\u00fcren programda, Hasan Basri \u00c7antay isminin ya\u015fat\u0131lmas\u0131 ve gelecek ku\u015faklara anlat\u0131lmas\u0131 noktas\u0131ndaki \u00e7al\u0131\u015fmalar\u0131 nedeniyle baz\u0131 isimlere &#8220;\u015f\u00fckran belgesi&#8221; sunuldu.<\/p>\n<p>Program\u0131n konu\u015fmac\u0131lar\u0131 yan\u0131 s\u0131ra, Bal\u0131kesir Gazeteciler Cemiyeti Ba\u015fkan\u0131 Ramazan Demir, T\u00fcrk Oca\u011f\u0131 Ba\u015fkan\u0131 Tahir Korucuo\u011fullar\u0131, Ayd\u0131nlar Oca\u011f\u0131 Ba\u015fkan\u0131 Recep Sabit, BAY\u015eAD eski ve yeni ba\u015fkanlar\u0131n\u0131n da aralar\u0131nda bulundu\u011fu isimlere &#8216;\u015f\u00fckran belgeleri&#8217; Hasan Basri \u00c7antay&#8217;\u0131n akrabalar\u0131ndan Abd\u00fcllatif \u00c7antay taraf\u0131ndan takdim edildi.<\/p>\n","protected":false},"excerpt":{"rendered":"<p>BALIKES\u0130RL\u0130 F\u0130K\u0130R ADAMI HASAN BASR\u0130 \u00c7ANTAY ANILDI \u0130stiklal Mar\u015f\u0131m\u0131z\u0131 yazmas\u0131 i\u00e7in Mehmet Akif Ersoy&#8217;u te\u015fvik eden Bal\u0131kesirli \u00fcnl\u00fc fikir ve m\u00fccadele adam\u0131 Hasan Basri \u00c7antay, vefat\u0131n\u0131n 54. y\u0131l d\u00f6n\u00fcm\u00fcnde d\u00fczenlenen anlaml\u0131 bir\u00a0 programla an\u0131ld\u0131. BALIKES\u0130R Hasan Basri \u00c7antay&#8217;\u0131 unutmad\u0131. \u00dclkemizin&#8230;<\/p>\n","protected":false},"author":3,"featured_media":1954,"comment_status":"open","ping_status":"open","sticky":false,"template":"","format":"standard","meta":{"footnotes":""},"categories":[20,36],"tags":[],"class_list":["post-1953","post","type-post","status-publish","format-standard","has-post-thumbnail","hentry","category-guncel","category-manset"],"_links":{"self":[{"href":"http:\/\/gazetevizyon.com\/index.php?rest_route=\/wp\/v2\/posts\/1953","targetHints":{"allow":["GET"]}}],"collection":[{"href":"http:\/\/gazetevizyon.com\/index.php?rest_route=\/wp\/v2\/posts"}],"about":[{"href":"http:\/\/gazetevizyon.com\/index.php?rest_route=\/wp\/v2\/types\/post"}],"author":[{"embeddable":true,"href":"http:\/\/gazetevizyon.com\/index.php?rest_route=\/wp\/v2\/users\/3"}],"replies":[{"embeddable":true,"href":"http:\/\/gazetevizyon.com\/index.php?rest_route=%2Fwp%2Fv2%2Fcomments&post=1953"}],"version-history":[{"count":1,"href":"http:\/\/gazetevizyon.com\/index.php?rest_route=\/wp\/v2\/posts\/1953\/revisions"}],"predecessor-version":[{"id":1955,"href":"http:\/\/gazetevizyon.com\/index.php?rest_route=\/wp\/v2\/posts\/1953\/revisions\/1955"}],"wp:featuredmedia":[{"embeddable":true,"href":"http:\/\/gazetevizyon.com\/index.php?rest_route=\/wp\/v2\/media\/1954"}],"wp:attachment":[{"href":"http:\/\/gazetevizyon.com\/index.php?rest_route=%2Fwp%2Fv2%2Fmedia&parent=1953"}],"wp:term":[{"taxonomy":"category","embeddable":true,"href":"http:\/\/gazetevizyon.com\/index.php?rest_route=%2Fwp%2Fv2%2Fcategories&post=1953"},{"taxonomy":"post_tag","embeddable":true,"href":"http:\/\/gazetevizyon.com\/index.php?rest_route=%2Fwp%2Fv2%2Ftags&post=1953"}],"curies":[{"name":"wp","href":"https:\/\/api.w.org\/{rel}","templated":true}]}}