{"id":19568,"date":"2025-01-26T12:28:44","date_gmt":"2025-01-26T12:28:44","guid":{"rendered":"http:\/\/gazetevizyon.com\/?p=19568"},"modified":"2025-01-26T12:28:44","modified_gmt":"2025-01-26T12:28:44","slug":"edremitspora-destek-bugunku-karsilasmada-basari-dilekleri-paylasildi","status":"publish","type":"post","link":"http:\/\/gazetevizyon.com\/?p=19568","title":{"rendered":"Edremitspor&#8217;a Destek; Bug\u00fcnk\u00fc Kar\u015f\u0131la\u015fmada Ba\u015far\u0131 Dilekleri Payla\u015f\u0131ld\u0131"},"content":{"rendered":"<p><h2>Edremit&#8217;te Tak\u0131m Moral Ziyareti<\/h2>\n<\/p>\n<p>Edremit il\u00e7esi, spor sevgisinin doru\u011fa \u00e7\u0131kt\u0131\u011f\u0131 bir g\u00fcn ya\u015f\u0131yor. Edremitspor&#8217;un kritik Tav\u015fanl\u0131 Linyitspor kar\u015f\u0131la\u015fmas\u0131 \u00f6ncesi, CHP Edremit \u0130l\u00e7e Ba\u015fkan\u0131 Emin Yal\u00e7\u0131nta\u015f ve Edremit Belediye Ba\u015fkan\u0131 Mehmet Erta\u015f tak\u0131m\u0131n kald\u0131\u011f\u0131 otelde futbolcular\u0131 ve teknik ekibi ziyaret etti. Tak\u0131ma olan g\u00fcvenlerini vurgulayan yetkililer, Edremit&#8217;in spor el\u00e7ilerine ba\u015far\u0131 dileklerinde bulundu.<\/p>\n<p><h3>\u015eehit Hamdibey Stadyumu&#8217;nda Heyecanl\u0131 Bekleyi\u015f<\/h3>\n<\/p>\n<p>Bug\u00fcn saat 14.00&#8217;te, Edremitspor ve Tav\u015fanl\u0131 Linyitspor aras\u0131ndaki \u00f6nemli kar\u015f\u0131la\u015fma \u015eehit Hamdibey Stadyumu&#8217;nda ger\u00e7ekle\u015fecek. Yerel y\u00f6neticiler, ma\u00e7\u0131 trib\u00fcnden takip ederek heyecan\u0131 yerinde ya\u015fayacak. \u00d6zellikle Edremit halk\u0131, tak\u0131m\u0131na destek vermeye davet ediliyor.<\/p>\n<p><ul>  <\/p>\n<li><strong>Kar\u015f\u0131la\u015fma Saati:<\/strong> 14.00<\/li>\n<p>  <\/p>\n<li><strong>Yer:<\/strong> \u015eehit Hamdibey Stadyumu<\/li>\n<p><\/ul>\n<\/p>\n<p><h3>Sporculara Gelen Tam Destek<\/h3>\n<\/p>\n<p>Edremitspor, kent halk\u0131ndan ald\u0131\u011f\u0131 deste\u011fi hissetmeye devam ediyor. <strong>Edremit&#8217;in sporcular\u0131na duyulan inan\u00e7 ve g\u00fcven<\/strong>, bu \u00f6nemli kar\u015f\u0131la\u015fma \u00f6ncesi bir kez daha peki\u015fti. Belediye Ba\u015fkan\u0131 Mehmet Erta\u015f, Edremitspor&#8217;a g\u00f6n\u00fclden ba\u015far\u0131lar diledi.<\/p>\n","protected":false},"excerpt":{"rendered":"<p>Edremit&#8217;te Tak\u0131m Moral Ziyareti Edremit il\u00e7esi, spor sevgisinin doru\u011fa \u00e7\u0131kt\u0131\u011f\u0131 bir g\u00fcn ya\u015f\u0131yor. Edremitspor&#8217;un kritik Tav\u015fanl\u0131 Linyitspor kar\u015f\u0131la\u015fmas\u0131 \u00f6ncesi, CHP Edremit \u0130l\u00e7e Ba\u015fkan\u0131 Emin Yal\u00e7\u0131nta\u015f ve Edremit Belediye Ba\u015fkan\u0131 Mehmet Erta\u015f tak\u0131m\u0131n kald\u0131\u011f\u0131 otelde futbolcular\u0131 ve teknik ekibi ziyaret etti&#8230;.<\/p>\n","protected":false},"author":1,"featured_media":19569,"comment_status":"closed","ping_status":"closed","sticky":false,"template":"","format":"standard","meta":{"footnotes":""},"categories":[23],"tags":[],"class_list":["post-19568","post","type-post","status-publish","format-standard","has-post-thumbnail","hentry","category-siyaset"],"_links":{"self":[{"href":"http:\/\/gazetevizyon.com\/index.php?rest_route=\/wp\/v2\/posts\/19568","targetHints":{"allow":["GET"]}}],"collection":[{"href":"http:\/\/gazetevizyon.com\/index.php?rest_route=\/wp\/v2\/posts"}],"about":[{"href":"http:\/\/gazetevizyon.com\/index.php?rest_route=\/wp\/v2\/types\/post"}],"author":[{"embeddable":true,"href":"http:\/\/gazetevizyon.com\/index.php?rest_route=\/wp\/v2\/users\/1"}],"replies":[{"embeddable":true,"href":"http:\/\/gazetevizyon.com\/index.php?rest_route=%2Fwp%2Fv2%2Fcomments&post=19568"}],"version-history":[{"count":1,"href":"http:\/\/gazetevizyon.com\/index.php?rest_route=\/wp\/v2\/posts\/19568\/revisions"}],"predecessor-version":[{"id":19577,"href":"http:\/\/gazetevizyon.com\/index.php?rest_route=\/wp\/v2\/posts\/19568\/revisions\/19577"}],"wp:featuredmedia":[{"embeddable":true,"href":"http:\/\/gazetevizyon.com\/index.php?rest_route=\/wp\/v2\/media\/19569"}],"wp:attachment":[{"href":"http:\/\/gazetevizyon.com\/index.php?rest_route=%2Fwp%2Fv2%2Fmedia&parent=19568"}],"wp:term":[{"taxonomy":"category","embeddable":true,"href":"http:\/\/gazetevizyon.com\/index.php?rest_route=%2Fwp%2Fv2%2Fcategories&post=19568"},{"taxonomy":"post_tag","embeddable":true,"href":"http:\/\/gazetevizyon.com\/index.php?rest_route=%2Fwp%2Fv2%2Ftags&post=19568"}],"curies":[{"name":"wp","href":"https:\/\/api.w.org\/{rel}","templated":true}]}}