{"id":19578,"date":"2025-01-26T15:28:39","date_gmt":"2025-01-26T15:28:39","guid":{"rendered":"http:\/\/gazetevizyon.com\/?p=19578"},"modified":"2025-01-26T15:28:39","modified_gmt":"2025-01-26T15:28:39","slug":"balikesir-korfez-yozgatlilar-derneginden-2-geleneksel-arabasi-etkinligi-ruzgari","status":"publish","type":"post","link":"http:\/\/gazetevizyon.com\/?p=19578","title":{"rendered":"Bal\u0131kesir K\u00f6rfez Yozgatl\u0131lar Derne\u011fi&#8217;nden 2. Geleneksel Araba\u015f\u0131 Etkinli\u011fi R\u00fczgar\u0131"},"content":{"rendered":"<p><h2>Bal\u0131kesir K\u00f6rfez&#8217;de Gelenekler Ya\u015fat\u0131ld\u0131<\/h2>\n<p>Bal\u0131kesir K\u00f6rfez Yozgatl\u0131lar Derne\u011fi&#8217;nin d\u00fczenledi\u011fi 2. Geleneksel Araba\u015f\u0131 Etkinli\u011fi, yo\u011fun bir kat\u0131l\u0131mla ger\u00e7ekle\u015fti. Yozgatl\u0131 hem\u015fehrilerin bir araya geldi\u011fi etkinlik, co\u015fkuyla kutland\u0131. <strong>Araba\u015f\u0131<\/strong> ad\u0131n\u0131 ta\u015f\u0131yan bu geleneksel etkinlik, Yozgat k\u00fclt\u00fcr\u00fcn\u00fcn \u00f6nemli unsurlar\u0131ndan biri olarak dikkat \u00e7ekti.<\/p>\n<p><h3>Yerel \u0130simler de Etkinlikteydi<\/h3>\n<p>Etkinlikte, Edremit \u0130l\u00e7e Ba\u015fkan\u0131 Emin Yal\u00e7\u0131nta\u015f ve Edremit Belediye Ba\u015fkan\u0131 Mehmet Erta\u015f gibi \u00f6nemli isimler de yer ald\u0131. \u0130l\u00e7e y\u00f6neticilerinin yan\u0131 s\u0131ra K\u00f6rfez Koordinat\u00f6r\u00fc Yurt Y\u0131ld\u0131r\u0131m da bu anlaml\u0131 g\u00fcnde Yozgatl\u0131larla bir aradayd\u0131.<\/p>\n<p><h2>Karde\u015flik ve Dayan\u0131\u015fma Vurgusu<\/h2>\n<p>Organizasyonda sadece lezzetli yemeklerin tad\u0131na bak\u0131lmad\u0131, ayn\u0131 zamanda karde\u015flik ve dayan\u0131\u015fma duygular\u0131 da payla\u015f\u0131ld\u0131. <strong>K\u00fclt\u00fcrel de\u011ferlerin<\/strong> \u00f6n planda oldu\u011fu etkinlikte, Araba\u015f\u0131&#8217;n\u0131n sadece bir yemek de\u011fil, ayn\u0131 zamanda birle\u015ftirici bir gelenek oldu\u011fu bir kez daha vurguland\u0131.<\/p>\n<p><h3>Eme\u011fi Ge\u00e7enlere Te\u015fekk\u00fcr<\/h3>\n<p>Bu g\u00fczel organizasyonun arkas\u0131ndaki isimlerden biri olan Bal\u0131kesir K\u00f6rfez Yozgatl\u0131lar Derne\u011fi Ba\u015fkan\u0131 Ercan \u015eahin ve t\u00fcm dernek \u00fcyeleri, etkinli\u011fin ba\u015far\u0131yla ger\u00e7ekle\u015fmesinde \u00f6nemli rol oynad\u0131. Kat\u0131l\u0131mc\u0131lar, eme\u011fi ge\u00e7en herkese te\u015fekk\u00fcrlerini sundu.<\/p>\n<p><h2>Gelecek Nesillere Aktar\u0131lan De\u011ferler<\/h2>\n<p>Yozgat k\u00fclt\u00fcr\u00fcn\u00fc ve birlikteli\u011fi gelecek nesillere aktarmak i\u00e7in \u00e7al\u0131\u015fmalar\u0131n\u0131n devam edece\u011fini belirten kat\u0131l\u0131mc\u0131lar, bu g\u00fc\u00e7l\u00fc dayan\u0131\u015fman\u0131n herkese umut ve enerji verdi\u011fini ifade etti.<\/p>\n<p><ul><\/p>\n<li>K\u00fclt\u00fcrel de\u011ferlerin ya\u015fat\u0131lmas\u0131<\/li>\n<p><\/p>\n<li>Gelecek nesillere aktar\u0131lacak gelenekler<\/li>\n<p><\/p>\n<li>Dayan\u0131\u015fma ve karde\u015flik ruhu<\/li>\n<p><\/ul>\n<\/p>\n<p>Etkinli\u011fin sonunda, bu t\u00fcr organizasyonlar\u0131n devam etmesi i\u00e7in temennide bulunuldu ve birlikteli\u011fin g\u00fcc\u00fcn\u00fcn alt\u0131 \u00e7izildi.<\/p>\n","protected":false},"excerpt":{"rendered":"<p>Bal\u0131kesir K\u00f6rfez&#8217;de Gelenekler Ya\u015fat\u0131ld\u0131 Bal\u0131kesir K\u00f6rfez Yozgatl\u0131lar Derne\u011fi&#8217;nin d\u00fczenledi\u011fi 2. Geleneksel Araba\u015f\u0131 Etkinli\u011fi, yo\u011fun bir kat\u0131l\u0131mla ger\u00e7ekle\u015fti. Yozgatl\u0131 hem\u015fehrilerin bir araya geldi\u011fi etkinlik, co\u015fkuyla kutland\u0131. Araba\u015f\u0131 ad\u0131n\u0131 ta\u015f\u0131yan bu geleneksel etkinlik, Yozgat k\u00fclt\u00fcr\u00fcn\u00fcn \u00f6nemli unsurlar\u0131ndan biri olarak dikkat \u00e7ekti. Yerel&#8230;<\/p>\n","protected":false},"author":1,"featured_media":19579,"comment_status":"closed","ping_status":"closed","sticky":false,"template":"","format":"standard","meta":{"footnotes":""},"categories":[23],"tags":[],"class_list":["post-19578","post","type-post","status-publish","format-standard","has-post-thumbnail","hentry","category-siyaset"],"_links":{"self":[{"href":"http:\/\/gazetevizyon.com\/index.php?rest_route=\/wp\/v2\/posts\/19578","targetHints":{"allow":["GET"]}}],"collection":[{"href":"http:\/\/gazetevizyon.com\/index.php?rest_route=\/wp\/v2\/posts"}],"about":[{"href":"http:\/\/gazetevizyon.com\/index.php?rest_route=\/wp\/v2\/types\/post"}],"author":[{"embeddable":true,"href":"http:\/\/gazetevizyon.com\/index.php?rest_route=\/wp\/v2\/users\/1"}],"replies":[{"embeddable":true,"href":"http:\/\/gazetevizyon.com\/index.php?rest_route=%2Fwp%2Fv2%2Fcomments&post=19578"}],"version-history":[{"count":1,"href":"http:\/\/gazetevizyon.com\/index.php?rest_route=\/wp\/v2\/posts\/19578\/revisions"}],"predecessor-version":[{"id":19591,"href":"http:\/\/gazetevizyon.com\/index.php?rest_route=\/wp\/v2\/posts\/19578\/revisions\/19591"}],"wp:featuredmedia":[{"embeddable":true,"href":"http:\/\/gazetevizyon.com\/index.php?rest_route=\/wp\/v2\/media\/19579"}],"wp:attachment":[{"href":"http:\/\/gazetevizyon.com\/index.php?rest_route=%2Fwp%2Fv2%2Fmedia&parent=19578"}],"wp:term":[{"taxonomy":"category","embeddable":true,"href":"http:\/\/gazetevizyon.com\/index.php?rest_route=%2Fwp%2Fv2%2Fcategories&post=19578"},{"taxonomy":"post_tag","embeddable":true,"href":"http:\/\/gazetevizyon.com\/index.php?rest_route=%2Fwp%2Fv2%2Ftags&post=19578"}],"curies":[{"name":"wp","href":"https:\/\/api.w.org\/{rel}","templated":true}]}}