{"id":19678,"date":"2025-01-28T00:33:39","date_gmt":"2025-01-28T00:33:39","guid":{"rendered":"http:\/\/gazetevizyon.com\/?p=19678"},"modified":"2025-01-28T00:33:39","modified_gmt":"2025-01-28T00:33:39","slug":"ozgur-ozel-tbmm-grup-toplantisinda-konusacak","status":"publish","type":"post","link":"http:\/\/gazetevizyon.com\/?p=19678","title":{"rendered":"\u00d6zg\u00fcr \u00d6zel TBMM Grup Toplant\u0131s\u0131nda Konu\u015facak"},"content":{"rendered":"<p><h2>\u00d6zg\u00fcr \u00d6zel&#8217;den Yol G\u00f6sterici Konu\u015fma Bekleniyor<\/h2>\n<p>CHP Genel Ba\u015fkan\u0131 \u00d6zg\u00fcr \u00d6zel, partinin rutin olarak organize etti\u011fi haftal\u0131k TBMM grup toplant\u0131s\u0131nda \u00f6nemli konulara de\u011finece\u011fi bir konu\u015fma yapacak.<\/p>\n<p><strong>Bulu\u015fma<\/strong> 28 Ocak Sal\u0131 g\u00fcn\u00fc saat 13:30&#8217;da ger\u00e7ekle\u015fecek.<\/p>\n<p><h3>G\u00f6zler TBMM&#8217;de<\/h3>\n<p>Konu\u015fma TBMM&#8217;de yap\u0131lacak. \u00d6zg\u00fcr \u00d6zel&#8217;in g\u00fcndemdeki s\u0131cak konulara dair g\u00f6r\u00fc\u015f ve \u00f6nerilerini payla\u015fmas\u0131 bekleniyor.<\/p>\n<p><ul>  <\/p>\n<li><strong>Kim:<\/strong> CHP Genel Ba\u015fkan\u0131 \u00d6zg\u00fcr \u00d6zel<\/li>\n<p>  <\/p>\n<li><strong>Ne:<\/strong> TBMM grup toplant\u0131s\u0131nda konu\u015fma yapacak.<\/li>\n<p>  <\/p>\n<li><strong>Ne Zaman:<\/strong> 28 Ocak Sal\u0131, saat 13:30<\/li>\n<p>  <\/p>\n<li><strong>Nerede:<\/strong> TBMM<\/li>\n<p>  <\/p>\n<li><strong>Neden:<\/strong> Haftal\u0131k g\u00fcndem de\u011ferlendirmesi ve siyasi g\u00f6r\u00fc\u015flerin payla\u015f\u0131lmas\u0131<\/li>\n<p><\/ul>\n<\/p>\n<p>\u00d6zg\u00fcr \u00d6zel&#8217;in bu toplant\u0131da yapaca\u011f\u0131 a\u00e7\u0131klamalar\u0131n, CHP&#8217;nin gelecek stratejilerine \u0131\u015f\u0131k tutaca\u011f\u0131 ve kamuoyunda yank\u0131 bulaca\u011f\u0131 tahmin ediliyor.<\/p>\n","protected":false},"excerpt":{"rendered":"<p>\u00d6zg\u00fcr \u00d6zel&#8217;den Yol G\u00f6sterici Konu\u015fma Bekleniyor CHP Genel Ba\u015fkan\u0131 \u00d6zg\u00fcr \u00d6zel, partinin rutin olarak organize etti\u011fi haftal\u0131k TBMM grup toplant\u0131s\u0131nda \u00f6nemli konulara de\u011finece\u011fi bir konu\u015fma yapacak. Bulu\u015fma 28 Ocak Sal\u0131 g\u00fcn\u00fc saat 13:30&#8217;da ger\u00e7ekle\u015fecek. G\u00f6zler TBMM&#8217;de Konu\u015fma TBMM&#8217;de yap\u0131lacak. \u00d6zg\u00fcr&#8230;<\/p>\n","protected":false},"author":1,"featured_media":19679,"comment_status":"closed","ping_status":"closed","sticky":false,"template":"","format":"standard","meta":{"footnotes":""},"categories":[23],"tags":[],"class_list":["post-19678","post","type-post","status-publish","format-standard","has-post-thumbnail","hentry","category-siyaset"],"_links":{"self":[{"href":"http:\/\/gazetevizyon.com\/index.php?rest_route=\/wp\/v2\/posts\/19678","targetHints":{"allow":["GET"]}}],"collection":[{"href":"http:\/\/gazetevizyon.com\/index.php?rest_route=\/wp\/v2\/posts"}],"about":[{"href":"http:\/\/gazetevizyon.com\/index.php?rest_route=\/wp\/v2\/types\/post"}],"author":[{"embeddable":true,"href":"http:\/\/gazetevizyon.com\/index.php?rest_route=\/wp\/v2\/users\/1"}],"replies":[{"embeddable":true,"href":"http:\/\/gazetevizyon.com\/index.php?rest_route=%2Fwp%2Fv2%2Fcomments&post=19678"}],"version-history":[{"count":1,"href":"http:\/\/gazetevizyon.com\/index.php?rest_route=\/wp\/v2\/posts\/19678\/revisions"}],"predecessor-version":[{"id":19686,"href":"http:\/\/gazetevizyon.com\/index.php?rest_route=\/wp\/v2\/posts\/19678\/revisions\/19686"}],"wp:featuredmedia":[{"embeddable":true,"href":"http:\/\/gazetevizyon.com\/index.php?rest_route=\/wp\/v2\/media\/19679"}],"wp:attachment":[{"href":"http:\/\/gazetevizyon.com\/index.php?rest_route=%2Fwp%2Fv2%2Fmedia&parent=19678"}],"wp:term":[{"taxonomy":"category","embeddable":true,"href":"http:\/\/gazetevizyon.com\/index.php?rest_route=%2Fwp%2Fv2%2Fcategories&post=19678"},{"taxonomy":"post_tag","embeddable":true,"href":"http:\/\/gazetevizyon.com\/index.php?rest_route=%2Fwp%2Fv2%2Ftags&post=19678"}],"curies":[{"name":"wp","href":"https:\/\/api.w.org\/{rel}","templated":true}]}}