{"id":19687,"date":"2025-01-28T09:25:53","date_gmt":"2025-01-28T09:25:53","guid":{"rendered":"http:\/\/gazetevizyon.com\/?p=19687"},"modified":"2025-01-28T09:25:53","modified_gmt":"2025-01-28T09:25:53","slug":"gonende-eski-sali-pazari-hatiralari-canlaniyor","status":"publish","type":"post","link":"http:\/\/gazetevizyon.com\/?p=19687","title":{"rendered":"G\u00f6nen&#8217;de Eski Sal\u0131 Pazar\u0131 Hat\u0131ralar\u0131 Canlan\u0131yor"},"content":{"rendered":"<p><h2>G\u00f6nen&#8217;in Tarihi Sal\u0131 Pazar\u0131 Yeniden G\u00fcndemde<\/h2>\n<\/p>\n<p>G\u00f6nen&#8217;de, ge\u00e7mi\u015fin izlerini ta\u015f\u0131yan eski Sal\u0131 pazar\u0131, <strong>y\u00f6re halk\u0131 i\u00e7in \u00f6nemli bir nostalji kayna\u011f\u0131<\/strong> olmaya devam ediyor. Bir zamanlar kentin ekonomik ve sosyal ya\u015fam\u0131n\u0131n merkezi olan bu pazar, yerel halk\u0131n ve ziyaret\u00e7ilerin haf\u0131zalar\u0131nda derin izler b\u0131rakt\u0131.<\/p>\n<p><h3>G\u00f6nen&#8217;in Sosyoekonomik Merkezi: Sal\u0131 Pazar\u0131<\/h3>\n<\/p>\n<p>Sal\u0131 pazar\u0131, G\u00f6nen halk\u0131 i\u00e7in sadece al\u0131\u015fveri\u015fin de\u011fil, ayn\u0131 zamanda sosyal etkile\u015fimin de odak noktas\u0131yd\u0131. Pek \u00e7ok ki\u015fi, burada tan\u0131\u015ft\u0131klar\u0131 ve uzun y\u0131llar dostluklar\u0131n\u0131 s\u00fcrd\u00fcrd\u00fckleri insanlarla an\u0131lar\u0131n\u0131 bug\u00fcn de payla\u015fmakta.<\/p>\n<p><ul>  <\/p>\n<li>Yerel \u00fcreticilerin \u00fcr\u00fcnlerini sergiledi\u011fi bir bulu\u015fma noktas\u0131yd\u0131.<\/li>\n<p>  <\/p>\n<li>\u00c7e\u015fitli esnaf\u0131n bir araya geldi\u011fi, ekonomik hareketlili\u011fi art\u0131ran bir platform i\u015flevi g\u00f6rd\u00fc.<\/li>\n<p>  <\/p>\n<li>Halk\u0131n sosyalle\u015fmesi i\u00e7in \u00f6nemli bir alan sa\u011flad\u0131.<\/li>\n<p>  <\/p>\n<li>K\u00fclt\u00fcrel etkile\u015fimlerin ya\u015fand\u0131\u011f\u0131 bir \u00e7evre olu\u015fturdu.<\/li>\n<p><\/ul>\n<\/p>\n<p><h3>Ge\u00e7mi\u015ften Gelen Nostaljik G\u00f6r\u00fcnt\u00fcler<\/h3>\n<\/p>\n<p>Ge\u00e7mi\u015fe dair g\u00fczel an\u0131lar\u0131n canland\u0131\u011f\u0131 pazaryerinden gelen g\u00f6r\u00fcnt\u00fcler, \u00f6zellikle eskiden bu pazar\u0131 ziyaret eden veya burada \u00e7al\u0131\u015fan ki\u015filere ge\u00e7mi\u015fi yeniden ya\u015fat\u0131yor. Yerel halk, sosyal medyada bu g\u00f6r\u00fcnt\u00fcleri payla\u015farak eski g\u00fcnlere duyduklar\u0131 \u00f6zlemi dile getiriyor.<\/p>\n<p><h2>Pazar\u0131n Yeniden Canlanma Umudu<\/h2>\n<\/p>\n<p>G\u00fcn\u00fcm\u00fczde bir\u00e7ok ki\u015fi, eski Sal\u0131 pazar\u0131n\u0131n yeniden canland\u0131r\u0131lmas\u0131n\u0131 ve modern bir \u00e7er\u00e7evede yeniden hizmete sunulmas\u0131n\u0131 umut ediyor. Bu arzunun ger\u00e7ekle\u015fmesi, hem yerel ekonomiye katk\u0131 sa\u011flayacak hem de G\u00f6nen&#8217;in k\u00fclt\u00fcrel miras\u0131n\u0131 koruyarak gelecek nesillere aktarmas\u0131na yard\u0131mc\u0131 olacak.<\/p>\n<p><strong>Kat\u0131l\u0131mc\u0131 ruhu ve nostaljiyi ayakta tutmak i\u00e7in<\/strong>, G\u00f6nen&#8217;in bu tarihi simgesine daha fazla ilgi g\u00f6sterilmesi gerekti\u011fi vurgulan\u0131yor.<\/p>\n","protected":false},"excerpt":{"rendered":"<p>G\u00f6nen&#8217;in Tarihi Sal\u0131 Pazar\u0131 Yeniden G\u00fcndemde G\u00f6nen&#8217;de, ge\u00e7mi\u015fin izlerini ta\u015f\u0131yan eski Sal\u0131 pazar\u0131, y\u00f6re halk\u0131 i\u00e7in \u00f6nemli bir nostalji kayna\u011f\u0131 olmaya devam ediyor. Bir zamanlar kentin ekonomik ve sosyal ya\u015fam\u0131n\u0131n merkezi olan bu pazar, yerel halk\u0131n ve ziyaret\u00e7ilerin haf\u0131zalar\u0131nda derin&#8230;<\/p>\n","protected":false},"author":1,"featured_media":19688,"comment_status":"closed","ping_status":"closed","sticky":false,"template":"","format":"standard","meta":{"footnotes":""},"categories":[36],"tags":[],"class_list":["post-19687","post","type-post","status-publish","format-standard","has-post-thumbnail","hentry","category-manset"],"_links":{"self":[{"href":"http:\/\/gazetevizyon.com\/index.php?rest_route=\/wp\/v2\/posts\/19687","targetHints":{"allow":["GET"]}}],"collection":[{"href":"http:\/\/gazetevizyon.com\/index.php?rest_route=\/wp\/v2\/posts"}],"about":[{"href":"http:\/\/gazetevizyon.com\/index.php?rest_route=\/wp\/v2\/types\/post"}],"author":[{"embeddable":true,"href":"http:\/\/gazetevizyon.com\/index.php?rest_route=\/wp\/v2\/users\/1"}],"replies":[{"embeddable":true,"href":"http:\/\/gazetevizyon.com\/index.php?rest_route=%2Fwp%2Fv2%2Fcomments&post=19687"}],"version-history":[{"count":1,"href":"http:\/\/gazetevizyon.com\/index.php?rest_route=\/wp\/v2\/posts\/19687\/revisions"}],"predecessor-version":[{"id":19693,"href":"http:\/\/gazetevizyon.com\/index.php?rest_route=\/wp\/v2\/posts\/19687\/revisions\/19693"}],"wp:featuredmedia":[{"embeddable":true,"href":"http:\/\/gazetevizyon.com\/index.php?rest_route=\/wp\/v2\/media\/19688"}],"wp:attachment":[{"href":"http:\/\/gazetevizyon.com\/index.php?rest_route=%2Fwp%2Fv2%2Fmedia&parent=19687"}],"wp:term":[{"taxonomy":"category","embeddable":true,"href":"http:\/\/gazetevizyon.com\/index.php?rest_route=%2Fwp%2Fv2%2Fcategories&post=19687"},{"taxonomy":"post_tag","embeddable":true,"href":"http:\/\/gazetevizyon.com\/index.php?rest_route=%2Fwp%2Fv2%2Ftags&post=19687"}],"curies":[{"name":"wp","href":"https:\/\/api.w.org\/{rel}","templated":true}]}}