{"id":19859,"date":"2025-01-30T18:37:57","date_gmt":"2025-01-30T18:37:57","guid":{"rendered":"http:\/\/gazetevizyon.com\/?p=19859"},"modified":"2025-01-30T18:37:57","modified_gmt":"2025-01-30T18:37:57","slug":"chp-balikesir-il-baskanligi-dayanisma-ve-destek-icin-bandirmada","status":"publish","type":"post","link":"http:\/\/gazetevizyon.com\/?p=19859","title":{"rendered":"CHP Bal\u0131kesir \u0130l Ba\u015fkanl\u0131\u011f\u0131, Dayan\u0131\u015fma ve Destek \u0130\u00e7in Band\u0131rma&#8217;da"},"content":{"rendered":"<p><h2>Band\u0131rma&#8217;da Ac\u0131 G\u00fcn: Mustafa Canbaz&#8217;\u0131n Cenaze T\u00f6reni<\/h2>\n<p>Band\u0131rma Belediye Ba\u015fkan\u0131 Dursun Mirza&#8217;n\u0131n kay\u0131npederi Mustafa Canbaz, d\u00fczenlenen cenaze t\u00f6reniyle son yolculu\u011funa u\u011furland\u0131. CHP Bal\u0131kesir \u0130l Ba\u015fkanl\u0131\u011f\u0131 temsilcileri, t\u00f6rene kat\u0131larak aileye ve yak\u0131nlar\u0131na <strong>ba\u015fsa\u011fl\u0131\u011f\u0131<\/strong> dileklerini iletti.<\/p>\n<p><h3>Cenaze Sonras\u0131 Dayan\u0131\u015fma Bulu\u015fmas\u0131<\/h3>\n<p>Cenaze t\u00f6reninin ard\u0131ndan, CHP Bal\u0131kesir \u0130l Ba\u015fkanl\u0131\u011f\u0131 il\u00e7e ba\u015fkanl\u0131\u011f\u0131nda bir araya geldi. Temsilciler, <strong>birlik ve dayan\u0131\u015fma<\/strong> ruhunu g\u00fc\u00e7lendirmek ad\u0131na il\u00e7e ba\u015fkanl\u0131\u011f\u0131 binas\u0131nda topland\u0131. Bu bulu\u015fma s\u0131ras\u0131nda gelecekteki hedeflere y\u00f6nelik stratejiler tart\u0131\u015f\u0131ld\u0131 ve \u00f6rg\u00fct i\u00e7i ba\u011fl\u0131l\u0131k peki\u015ftirildi.<\/p>\n<p><ul><\/p>\n<li>T\u00f6rene kat\u0131l\u0131m, birlik mesaj\u0131 verdi.<\/li>\n<p><\/p>\n<li>Ba\u015fsa\u011fl\u0131\u011f\u0131 ve destek mesajlar\u0131 iletildi.<\/li>\n<p><\/p>\n<li>Sonras\u0131nda ger\u00e7ekle\u015ftirilen toplant\u0131yla birlik kuvvetlendirildi.<\/li>\n<p><\/ul>\n<\/p>\n<p>CHP Bal\u0131kesir \u0130l Ba\u015fkanl\u0131\u011f\u0131&#8217;n\u0131n bu destek ve dayan\u0131\u015fma mesaj\u0131, yaln\u0131zca kendi \u00fcyeleri aras\u0131nda de\u011fil, ayn\u0131 zamanda kamuoyunda da takdir toplad\u0131.<\/p>\n","protected":false},"excerpt":{"rendered":"<p>Band\u0131rma&#8217;da Ac\u0131 G\u00fcn: Mustafa Canbaz&#8217;\u0131n Cenaze T\u00f6reni Band\u0131rma Belediye Ba\u015fkan\u0131 Dursun Mirza&#8217;n\u0131n kay\u0131npederi Mustafa Canbaz, d\u00fczenlenen cenaze t\u00f6reniyle son yolculu\u011funa u\u011furland\u0131. CHP Bal\u0131kesir \u0130l Ba\u015fkanl\u0131\u011f\u0131 temsilcileri, t\u00f6rene kat\u0131larak aileye ve yak\u0131nlar\u0131na ba\u015fsa\u011fl\u0131\u011f\u0131 dileklerini iletti. Cenaze Sonras\u0131 Dayan\u0131\u015fma Bulu\u015fmas\u0131 Cenaze t\u00f6reninin&#8230;<\/p>\n","protected":false},"author":1,"featured_media":19860,"comment_status":"closed","ping_status":"closed","sticky":false,"template":"","format":"standard","meta":{"footnotes":""},"categories":[23],"tags":[],"class_list":["post-19859","post","type-post","status-publish","format-standard","has-post-thumbnail","hentry","category-siyaset"],"_links":{"self":[{"href":"http:\/\/gazetevizyon.com\/index.php?rest_route=\/wp\/v2\/posts\/19859","targetHints":{"allow":["GET"]}}],"collection":[{"href":"http:\/\/gazetevizyon.com\/index.php?rest_route=\/wp\/v2\/posts"}],"about":[{"href":"http:\/\/gazetevizyon.com\/index.php?rest_route=\/wp\/v2\/types\/post"}],"author":[{"embeddable":true,"href":"http:\/\/gazetevizyon.com\/index.php?rest_route=\/wp\/v2\/users\/1"}],"replies":[{"embeddable":true,"href":"http:\/\/gazetevizyon.com\/index.php?rest_route=%2Fwp%2Fv2%2Fcomments&post=19859"}],"version-history":[{"count":1,"href":"http:\/\/gazetevizyon.com\/index.php?rest_route=\/wp\/v2\/posts\/19859\/revisions"}],"predecessor-version":[{"id":19873,"href":"http:\/\/gazetevizyon.com\/index.php?rest_route=\/wp\/v2\/posts\/19859\/revisions\/19873"}],"wp:featuredmedia":[{"embeddable":true,"href":"http:\/\/gazetevizyon.com\/index.php?rest_route=\/wp\/v2\/media\/19860"}],"wp:attachment":[{"href":"http:\/\/gazetevizyon.com\/index.php?rest_route=%2Fwp%2Fv2%2Fmedia&parent=19859"}],"wp:term":[{"taxonomy":"category","embeddable":true,"href":"http:\/\/gazetevizyon.com\/index.php?rest_route=%2Fwp%2Fv2%2Fcategories&post=19859"},{"taxonomy":"post_tag","embeddable":true,"href":"http:\/\/gazetevizyon.com\/index.php?rest_route=%2Fwp%2Fv2%2Ftags&post=19859"}],"curies":[{"name":"wp","href":"https:\/\/api.w.org\/{rel}","templated":true}]}}