{"id":20078,"date":"2025-02-03T15:35:31","date_gmt":"2025-02-03T15:35:31","guid":{"rendered":"http:\/\/gazetevizyon.com\/?p=20078"},"modified":"2025-02-03T15:35:31","modified_gmt":"2025-02-03T15:35:31","slug":"balikesirde-huzur-ve-guvenlik-icin-kararli-mucadele-devam-ediyor","status":"publish","type":"post","link":"http:\/\/gazetevizyon.com\/?p=20078","title":{"rendered":"Bal\u0131kesir&#8217;de Huzur ve G\u00fcvenlik \u0130\u00e7in Kararl\u0131 M\u00fccadele Devam Ediyor"},"content":{"rendered":"<p><h2>Bal\u0131kesir&#8217;de Su\u00e7la M\u00fccadelede Kararl\u0131l\u0131k<\/h2>\n<p>Bal\u0131kesir Valisi \u0130smail Ustao\u011flu, su\u00e7 ve su\u00e7 \u00f6rg\u00fctleriyle m\u00fccadele i\u00e7in Emniyet ve Jandarma g\u00fc\u00e7leriyle i\u015f birli\u011fi i\u00e7inde kararl\u0131 ad\u0131mlar at\u0131ld\u0131\u011f\u0131n\u0131 duyurdu. Bu kapsamda Bal\u0131kesir&#8217;in huzuru ve g\u00fcvenli\u011fi i\u00e7in etkin \u00f6nlemler al\u0131nmaya devam ediyor.<\/p>\n<p><h3>G\u00fcvenlik G\u00fc\u00e7lerinin Ortak \u00c7al\u0131\u015fmalar\u0131<\/h3>\n<p>Vali Ustao\u011flu&#8217;nun belirtti\u011fi \u00fczere, Emniyet ve Jandarma ekipleri, su\u00e7la daha etkili m\u00fccadele edebilmek ad\u0131na koordineli bir \u015fekilde \u00e7al\u0131\u015fmalar\u0131n\u0131 s\u00fcrd\u00fcrmektedir. Bu \u00e7er\u00e7evede:<\/p>\n<ul>  <\/p>\n<li>Su\u00e7 unsurlar\u0131na y\u00f6nelik operasyonlar d\u00fczenleniyor.<\/li>\n<p>  <\/p>\n<li>G\u00fcvenlik tedbirleri art\u0131r\u0131l\u0131yor.<\/li>\n<p>  <\/p>\n<li>Yasa d\u0131\u015f\u0131 faaliyetlerin \u00f6nlenmesi amac\u0131yla denetimler s\u0131k\u0131la\u015ft\u0131r\u0131l\u0131yor.<\/li>\n<p><\/ul>\n<\/p>\n<p><h2>Toplumun Huzuru \u00d6ncelikli Hedef<\/h2>\n<p>Bal\u0131kesir&#8217;in g\u00fcvenli bir kent olmas\u0131 amac\u0131yla ger\u00e7ekle\u015ftirilen bu \u00e7al\u0131\u015fmalar, yaln\u0131zca yerel de\u011fil, T\u00fcrkiye \u00e7ap\u0131ndaki huzur ve g\u00fcvenli\u011fin sa\u011flanmas\u0131na da katk\u0131da bulunuyor. Vali Ustao\u011flu, bu s\u00fcre\u00e7te toplumun deste\u011finin \u00f6nemli bir yer tuttu\u011funu vurgulad\u0131.<\/p>\n<p><strong>Hedef: G\u00fcvenli ve Huzurlu Bal\u0131kesir<\/strong><br \/>Valilik ve g\u00fcvenlik g\u00fc\u00e7leri, su\u00e7 oranlar\u0131n\u0131n azalt\u0131lmas\u0131 i\u00e7in toplumla birlikte hareket ederek gelecekte de ba\u015far\u0131l\u0131 sonu\u00e7lar elde etmeyi ama\u00e7l\u0131yor.<\/p>\n","protected":false},"excerpt":{"rendered":"<p>Bal\u0131kesir&#8217;de Su\u00e7la M\u00fccadelede Kararl\u0131l\u0131k Bal\u0131kesir Valisi \u0130smail Ustao\u011flu, su\u00e7 ve su\u00e7 \u00f6rg\u00fctleriyle m\u00fccadele i\u00e7in Emniyet ve Jandarma g\u00fc\u00e7leriyle i\u015f birli\u011fi i\u00e7inde kararl\u0131 ad\u0131mlar at\u0131ld\u0131\u011f\u0131n\u0131 duyurdu. Bu kapsamda Bal\u0131kesir&#8217;in huzuru ve g\u00fcvenli\u011fi i\u00e7in etkin \u00f6nlemler al\u0131nmaya devam ediyor. G\u00fcvenlik G\u00fc\u00e7lerinin Ortak&#8230;<\/p>\n","protected":false},"author":1,"featured_media":20079,"comment_status":"closed","ping_status":"closed","sticky":false,"template":"","format":"standard","meta":{"footnotes":""},"categories":[36],"tags":[],"class_list":["post-20078","post","type-post","status-publish","format-standard","has-post-thumbnail","hentry","category-manset"],"_links":{"self":[{"href":"http:\/\/gazetevizyon.com\/index.php?rest_route=\/wp\/v2\/posts\/20078","targetHints":{"allow":["GET"]}}],"collection":[{"href":"http:\/\/gazetevizyon.com\/index.php?rest_route=\/wp\/v2\/posts"}],"about":[{"href":"http:\/\/gazetevizyon.com\/index.php?rest_route=\/wp\/v2\/types\/post"}],"author":[{"embeddable":true,"href":"http:\/\/gazetevizyon.com\/index.php?rest_route=\/wp\/v2\/users\/1"}],"replies":[{"embeddable":true,"href":"http:\/\/gazetevizyon.com\/index.php?rest_route=%2Fwp%2Fv2%2Fcomments&post=20078"}],"version-history":[{"count":1,"href":"http:\/\/gazetevizyon.com\/index.php?rest_route=\/wp\/v2\/posts\/20078\/revisions"}],"predecessor-version":[{"id":20104,"href":"http:\/\/gazetevizyon.com\/index.php?rest_route=\/wp\/v2\/posts\/20078\/revisions\/20104"}],"wp:featuredmedia":[{"embeddable":true,"href":"http:\/\/gazetevizyon.com\/index.php?rest_route=\/wp\/v2\/media\/20079"}],"wp:attachment":[{"href":"http:\/\/gazetevizyon.com\/index.php?rest_route=%2Fwp%2Fv2%2Fmedia&parent=20078"}],"wp:term":[{"taxonomy":"category","embeddable":true,"href":"http:\/\/gazetevizyon.com\/index.php?rest_route=%2Fwp%2Fv2%2Fcategories&post=20078"},{"taxonomy":"post_tag","embeddable":true,"href":"http:\/\/gazetevizyon.com\/index.php?rest_route=%2Fwp%2Fv2%2Ftags&post=20078"}],"curies":[{"name":"wp","href":"https:\/\/api.w.org\/{rel}","templated":true}]}}