{"id":20095,"date":"2025-02-03T18:28:38","date_gmt":"2025-02-03T18:28:38","guid":{"rendered":"http:\/\/gazetevizyon.com\/?p=20095"},"modified":"2025-02-03T18:28:38","modified_gmt":"2025-02-03T18:28:38","slug":"turkiyede-hava-sicakliklari-mevsim-normallerinin-altina-dusuyor-4-10-subat-2025","status":"publish","type":"post","link":"http:\/\/gazetevizyon.com\/?p=20095","title":{"rendered":"T\u00fcrkiye&#8217;de Hava S\u0131cakl\u0131klar\u0131 Mevsim Normallerinin Alt\u0131na D\u00fc\u015f\u00fcyor: 4-10 \u015eubat 2025"},"content":{"rendered":"<p><h2>Mevsim Normallerinin Alt\u0131nda S\u0131cakl\u0131klar<\/h2>\n<\/p>\n<p>\u00dclkemizde hava s\u0131cakl\u0131klar\u0131n\u0131n, 4-10 \u015eubat 2025 tarihleri aras\u0131nda azalarak mevsim normallerinin alt\u0131nda seyretmesi bekleniyor. Meteoroloji uzmanlar\u0131, vatanda\u015flar\u0131 d\u00fc\u015f\u00fck s\u0131cakl\u0131klara kar\u015f\u0131 dikkatli olmalar\u0131 konusunda uyard\u0131.<\/p>\n<p><h3>Hava Durumu Tahmini<\/h3>\n<\/p>\n<p>Bu hafta boyunca, yurdun geneline hakim olacak so\u011fuk hava dalgas\u0131 nedeniyle s\u0131cakl\u0131klar \u00f6nemli \u00f6l\u00e7\u00fcde d\u00fc\u015fecek. <strong>Mevsim normallerinin alt\u0131ndaki bu s\u0131cakl\u0131klar<\/strong> \u00f6zellikle i\u00e7 ve do\u011fu b\u00f6lgelerde daha belirgin hale gelecek.<\/p>\n<p><ul>  <\/p>\n<li><strong>Marmara B\u00f6lgesi<\/strong>: Ya\u011f\u0131\u015flar bekleniyor, s\u0131cakl\u0131klar d\u00fc\u015f\u00fcyor.<\/li>\n<p>  <\/p>\n<li><strong>\u0130\u00e7 Anadolu B\u00f6lgesi<\/strong>: Kar ya\u011f\u0131\u015f\u0131 m\u00fcmk\u00fcnd\u00fcr, sert so\u011fuklar etkili olacak.<\/li>\n<p>  <\/p>\n<li><strong>Do\u011fu Anadolu B\u00f6lgesi<\/strong>: S\u0131cakl\u0131k d\u00fc\u015f\u00fc\u015f\u00fc ile birlikte g\u00fc\u00e7l\u00fc kar ya\u011f\u0131\u015f\u0131 bekleniyor.<\/li>\n<p>  <\/p>\n<li><strong>Ege ve Akdeniz B\u00f6lgeleri<\/strong>: S\u0131cakl\u0131klar azal\u0131yor ve ya\u011f\u0131\u015fl\u0131 hava etkili olacak.<\/li>\n<p><\/ul>\n<\/p>\n<p><h3>Uzmanlar\u0131n Uyar\u0131lar\u0131<\/h3>\n<\/p>\n<p>Uzmanlar, etkili so\u011fuk hava dalgas\u0131na kar\u015f\u0131 \u00f6zellikle ula\u015f\u0131mda ve g\u00fcnl\u00fck hayatta dikkatli olunmas\u0131 gerekti\u011fini belirtiyor. Vatanda\u015flar\u0131n k\u0131\u015f ko\u015fullar\u0131na kar\u015f\u0131 tedbirli olmalar\u0131 \u00f6nemlidir.<\/p>\n<p>\u00d6zellikle, ya\u015fl\u0131lar ve \u00e7ocuklar gibi hassas gruplar\u0131n so\u011fuk havadan korunmas\u0131 gerekti\u011fi vurgulan\u0131yor. Ayr\u0131ca, yollar\u0131n kaygan olmas\u0131 nedeniyle s\u00fcr\u00fcc\u00fcler de dikkatli olmal\u0131d\u0131r.<\/p>\n","protected":false},"excerpt":{"rendered":"<p>Mevsim Normallerinin Alt\u0131nda S\u0131cakl\u0131klar \u00dclkemizde hava s\u0131cakl\u0131klar\u0131n\u0131n, 4-10 \u015eubat 2025 tarihleri aras\u0131nda azalarak mevsim normallerinin alt\u0131nda seyretmesi bekleniyor. Meteoroloji uzmanlar\u0131, vatanda\u015flar\u0131 d\u00fc\u015f\u00fck s\u0131cakl\u0131klara kar\u015f\u0131 dikkatli olmalar\u0131 konusunda uyard\u0131. Hava Durumu Tahmini Bu hafta boyunca, yurdun geneline hakim olacak so\u011fuk hava&#8230;<\/p>\n","protected":false},"author":1,"featured_media":20096,"comment_status":"closed","ping_status":"closed","sticky":false,"template":"","format":"standard","meta":{"footnotes":""},"categories":[36],"tags":[],"class_list":["post-20095","post","type-post","status-publish","format-standard","has-post-thumbnail","hentry","category-manset"],"_links":{"self":[{"href":"http:\/\/gazetevizyon.com\/index.php?rest_route=\/wp\/v2\/posts\/20095","targetHints":{"allow":["GET"]}}],"collection":[{"href":"http:\/\/gazetevizyon.com\/index.php?rest_route=\/wp\/v2\/posts"}],"about":[{"href":"http:\/\/gazetevizyon.com\/index.php?rest_route=\/wp\/v2\/types\/post"}],"author":[{"embeddable":true,"href":"http:\/\/gazetevizyon.com\/index.php?rest_route=\/wp\/v2\/users\/1"}],"replies":[{"embeddable":true,"href":"http:\/\/gazetevizyon.com\/index.php?rest_route=%2Fwp%2Fv2%2Fcomments&post=20095"}],"version-history":[{"count":1,"href":"http:\/\/gazetevizyon.com\/index.php?rest_route=\/wp\/v2\/posts\/20095\/revisions"}],"predecessor-version":[{"id":20106,"href":"http:\/\/gazetevizyon.com\/index.php?rest_route=\/wp\/v2\/posts\/20095\/revisions\/20106"}],"wp:featuredmedia":[{"embeddable":true,"href":"http:\/\/gazetevizyon.com\/index.php?rest_route=\/wp\/v2\/media\/20096"}],"wp:attachment":[{"href":"http:\/\/gazetevizyon.com\/index.php?rest_route=%2Fwp%2Fv2%2Fmedia&parent=20095"}],"wp:term":[{"taxonomy":"category","embeddable":true,"href":"http:\/\/gazetevizyon.com\/index.php?rest_route=%2Fwp%2Fv2%2Fcategories&post=20095"},{"taxonomy":"post_tag","embeddable":true,"href":"http:\/\/gazetevizyon.com\/index.php?rest_route=%2Fwp%2Fv2%2Ftags&post=20095"}],"curies":[{"name":"wp","href":"https:\/\/api.w.org\/{rel}","templated":true}]}}