{"id":20174,"date":"2025-02-04T18:28:39","date_gmt":"2025-02-04T18:28:39","guid":{"rendered":"http:\/\/gazetevizyon.com\/?p=20174"},"modified":"2025-02-04T18:28:39","modified_gmt":"2025-02-04T18:28:39","slug":"gonene-kar-yagisi-geliyor-soguk-hava-etkisini-arttiriyor","status":"publish","type":"post","link":"http:\/\/gazetevizyon.com\/?p=20174","title":{"rendered":"G\u00f6nen&#8217;e Kar Ya\u011f\u0131\u015f\u0131 Geliyor: So\u011fuk Hava Etkisini Artt\u0131r\u0131yor"},"content":{"rendered":"<p><h2>G\u00f6nen&#8217;de Kar Ya\u011f\u0131\u015f\u0131 Beklentisi<\/h2>\n<p>G\u00f6nen&#8217;de so\u011fuk hava dalgas\u0131n\u0131n etkisiyle hava s\u0131cakl\u0131klar\u0131 h\u0131zla d\u00fc\u015f\u00fcyor. Son meteoroloji verilerine g\u00f6re, <strong>\u00c7ar\u015famba g\u00fcn\u00fc sulu kar<\/strong>, Per\u015fembe ve Pazar g\u00fcn\u00fc ise il\u00e7e genelinde yo\u011fun kar ya\u011f\u0131\u015f\u0131 bekleniyor.<\/p>\n<p><h3>Meteorolojiden Kar Uyar\u0131s\u0131<\/h3>\n<p>Meteoroloji uzmanlar\u0131, yurt genelinde etkili olan so\u011fuk hava dalgas\u0131n\u0131n G\u00f6nen&#8217;de de etkisini g\u00f6sterece\u011fini ve <strong>s\u0131cakl\u0131klar\u0131n d\u00fc\u015fmesine<\/strong> neden olaca\u011f\u0131n\u0131 belirtiyor. \u00d6zellikle Per\u015fembe ve Pazar g\u00fcnleri b\u00f6lge sakinlerinin kar ya\u011f\u0131\u015f\u0131na haz\u0131rl\u0131kl\u0131 olmalar\u0131 tavsiye ediliyor.<\/p>\n<p><ul>  <\/p>\n<li>\u00c7ar\u015famba: Sulu kar ya\u011f\u0131\u015f\u0131<\/li>\n<p>  <\/p>\n<li>Per\u015fembe: Yo\u011fun kar ya\u011f\u0131\u015f\u0131<\/li>\n<p>  <\/p>\n<li>Pazar: Kar ya\u011f\u0131\u015f\u0131 devam edebilir<\/li>\n<p><\/ul>\n<\/p>\n<p><h3>S\u0131cakl\u0131klar D\u00fc\u015f\u00fcyor<\/h3>\n<p>Mevsim normallerinin alt\u0131nda seyredecek olan hava s\u0131cakl\u0131klar\u0131, G\u00f6nen ve \u00e7evresinde ya\u015fam\u0131 etkileyecek d\u00fczeyde. Yetkililer, vatanda\u015flar\u0131 k\u0131\u015f ko\u015fullar\u0131na kar\u015f\u0131 tedbirli olmalar\u0131 konusunda uyar\u0131yor.<\/p>\n","protected":false},"excerpt":{"rendered":"<p>G\u00f6nen&#8217;de Kar Ya\u011f\u0131\u015f\u0131 Beklentisi G\u00f6nen&#8217;de so\u011fuk hava dalgas\u0131n\u0131n etkisiyle hava s\u0131cakl\u0131klar\u0131 h\u0131zla d\u00fc\u015f\u00fcyor. Son meteoroloji verilerine g\u00f6re, \u00c7ar\u015famba g\u00fcn\u00fc sulu kar, Per\u015fembe ve Pazar g\u00fcn\u00fc ise il\u00e7e genelinde yo\u011fun kar ya\u011f\u0131\u015f\u0131 bekleniyor. Meteorolojiden Kar Uyar\u0131s\u0131 Meteoroloji uzmanlar\u0131, yurt genelinde etkili&#8230;<\/p>\n","protected":false},"author":1,"featured_media":20175,"comment_status":"closed","ping_status":"closed","sticky":false,"template":"","format":"standard","meta":{"footnotes":""},"categories":[36],"tags":[],"class_list":["post-20174","post","type-post","status-publish","format-standard","has-post-thumbnail","hentry","category-manset"],"_links":{"self":[{"href":"http:\/\/gazetevizyon.com\/index.php?rest_route=\/wp\/v2\/posts\/20174","targetHints":{"allow":["GET"]}}],"collection":[{"href":"http:\/\/gazetevizyon.com\/index.php?rest_route=\/wp\/v2\/posts"}],"about":[{"href":"http:\/\/gazetevizyon.com\/index.php?rest_route=\/wp\/v2\/types\/post"}],"author":[{"embeddable":true,"href":"http:\/\/gazetevizyon.com\/index.php?rest_route=\/wp\/v2\/users\/1"}],"replies":[{"embeddable":true,"href":"http:\/\/gazetevizyon.com\/index.php?rest_route=%2Fwp%2Fv2%2Fcomments&post=20174"}],"version-history":[{"count":1,"href":"http:\/\/gazetevizyon.com\/index.php?rest_route=\/wp\/v2\/posts\/20174\/revisions"}],"predecessor-version":[{"id":20191,"href":"http:\/\/gazetevizyon.com\/index.php?rest_route=\/wp\/v2\/posts\/20174\/revisions\/20191"}],"wp:featuredmedia":[{"embeddable":true,"href":"http:\/\/gazetevizyon.com\/index.php?rest_route=\/wp\/v2\/media\/20175"}],"wp:attachment":[{"href":"http:\/\/gazetevizyon.com\/index.php?rest_route=%2Fwp%2Fv2%2Fmedia&parent=20174"}],"wp:term":[{"taxonomy":"category","embeddable":true,"href":"http:\/\/gazetevizyon.com\/index.php?rest_route=%2Fwp%2Fv2%2Fcategories&post=20174"},{"taxonomy":"post_tag","embeddable":true,"href":"http:\/\/gazetevizyon.com\/index.php?rest_route=%2Fwp%2Fv2%2Ftags&post=20174"}],"curies":[{"name":"wp","href":"https:\/\/api.w.org\/{rel}","templated":true}]}}