{"id":20316,"date":"2025-02-06T06:27:23","date_gmt":"2025-02-06T06:27:23","guid":{"rendered":"http:\/\/gazetevizyon.com\/?p=20316"},"modified":"2025-02-06T06:27:23","modified_gmt":"2025-02-06T06:27:23","slug":"balikesir-buyuksehir-belediye-baskani-ahmet-akin-depremde-kaybettigimiz-vatandaslarimizi-hic-unutmayacagiz","status":"publish","type":"post","link":"http:\/\/gazetevizyon.com\/?p=20316","title":{"rendered":"Bal\u0131kesir B\u00fcy\u00fck\u015fehir Belediye Ba\u015fkan\u0131 Ahmet Ak\u0131n: &#8220;Depremde Kaybetti\u011fimiz Vatanda\u015flar\u0131m\u0131z\u0131 Hi\u00e7 Unutmayaca\u011f\u0131z&#8221;"},"content":{"rendered":"<p><h2>Ahmet Ak\u0131n, Depremdeki Kay\u0131plar\u0131m\u0131z \u0130\u00e7in Anlaml\u0131 A\u00e7\u0131klamalarda Bulundu<\/h2>\n<\/p>\n<p>6 \u015eubat 2023 tarihinde meydana gelen deprem, T\u00fcrkiye&#8217;nin \u00e7e\u015fitli b\u00f6lgelerinde b\u00fcy\u00fck y\u0131k\u0131ma neden oldu. Bu elim olay\u0131n ard\u0131ndan Bal\u0131kesir B\u00fcy\u00fck\u015fehir Belediye Ba\u015fkan\u0131 Ahmet Ak\u0131n, duygusal bir a\u00e7\u0131klama yaparak vefat eden vatanda\u015flar\u0131m\u0131z\u0131 unutmayacaklar\u0131n\u0131 ifade etti.<\/p>\n<p><h3>Deprem ve Sonras\u0131nda Ya\u015fananlar<\/h3>\n<\/p>\n<p>Deprem, T\u00fcrkiye genelinde binlerce can kayb\u0131na ve a\u011f\u0131r hasara yol a\u00e7t\u0131. Bal\u0131kesir B\u00fcy\u00fck\u015fehir Belediye Ba\u015fkan\u0131 Ahmet Ak\u0131n, bu ac\u0131 olay\u0131 anarak, kaybedilen her bir vatanda\u015f\u0131 b\u00fcy\u00fck bir \u00f6zlemle and\u0131klar\u0131n\u0131 belirtti. Ahmet Ak\u0131n, &#8220;Hayat\u0131n\u0131 kaybeden vatanda\u015flar\u0131m\u0131z\u0131 unutmad\u0131k, <strong>hi\u00e7 unutmayaca\u011f\u0131z<\/strong>,&#8221; diyerek duygular\u0131n\u0131 payla\u015ft\u0131.<\/p>\n<p><h3>B\u00fcy\u00fck\u015fehir Belediyesi&#8217;nin \u00c7al\u0131\u015fmalar\u0131<\/h3>\n<\/p>\n<p>Ahmet Ak\u0131n, deprem sonras\u0131nda Bal\u0131kesir B\u00fcy\u00fck\u015fehir Belediyesi&#8217;nin h\u0131zl\u0131 bir \u015fekilde organize olarak yard\u0131m faaliyetlerinde bulundu\u011funu belirtti. Depremzedeler i\u00e7in ger\u00e7ekle\u015ftirilen yard\u0131m kampanyalar\u0131 ve destek programlar\u0131, b\u00f6lge halk\u0131n\u0131n yaralar\u0131n\u0131 sarmaya y\u00f6nelik \u00f6nemli ad\u0131mlar aras\u0131nda yer ald\u0131.<\/p>\n<p><ul>  <\/p>\n<li>G\u0131da ve Temizlik Malzemesi Da\u011f\u0131t\u0131m\u0131<\/li>\n<p>  <\/p>\n<li>Psikolojik Destek Hizmetleri<\/li>\n<p>  <\/p>\n<li>Bar\u0131nma \u0130htiya\u00e7lar\u0131n\u0131n Kar\u015f\u0131lanmas\u0131<\/li>\n<p><\/ul>\n<\/p>\n<p><h3>Gelecek i\u00e7in Dayan\u0131\u015fma ve Umut<\/h3>\n<\/p>\n<p>Bu t\u00fcr do\u011fal afetlerin bir daha ya\u015fanmamas\u0131 i\u00e7in al\u0131nmas\u0131 gereken \u00f6nlemlere de de\u011finen Ahmet Ak\u0131n, \u00f6ncelikle halk\u0131n bilin\u00e7lendirilmesi gerekti\u011fini vurgulad\u0131. Afetlere kar\u015f\u0131 dayan\u0131kl\u0131 \u015fehircilik \u00e7al\u0131\u015fmalar\u0131yla ilgili projelerin hayata ge\u00e7irilmesinin \u00f6nemine dikkat \u00e7ekti.<\/p>\n","protected":false},"excerpt":{"rendered":"<p>Ahmet Ak\u0131n, Depremdeki Kay\u0131plar\u0131m\u0131z \u0130\u00e7in Anlaml\u0131 A\u00e7\u0131klamalarda Bulundu 6 \u015eubat 2023 tarihinde meydana gelen deprem, T\u00fcrkiye&#8217;nin \u00e7e\u015fitli b\u00f6lgelerinde b\u00fcy\u00fck y\u0131k\u0131ma neden oldu. Bu elim olay\u0131n ard\u0131ndan Bal\u0131kesir B\u00fcy\u00fck\u015fehir Belediye Ba\u015fkan\u0131 Ahmet Ak\u0131n, duygusal bir a\u00e7\u0131klama yaparak vefat eden vatanda\u015flar\u0131m\u0131z\u0131 unutmayacaklar\u0131n\u0131&#8230;<\/p>\n","protected":false},"author":1,"featured_media":20317,"comment_status":"closed","ping_status":"closed","sticky":false,"template":"","format":"standard","meta":{"footnotes":""},"categories":[36],"tags":[],"class_list":["post-20316","post","type-post","status-publish","format-standard","has-post-thumbnail","hentry","category-manset"],"_links":{"self":[{"href":"http:\/\/gazetevizyon.com\/index.php?rest_route=\/wp\/v2\/posts\/20316","targetHints":{"allow":["GET"]}}],"collection":[{"href":"http:\/\/gazetevizyon.com\/index.php?rest_route=\/wp\/v2\/posts"}],"about":[{"href":"http:\/\/gazetevizyon.com\/index.php?rest_route=\/wp\/v2\/types\/post"}],"author":[{"embeddable":true,"href":"http:\/\/gazetevizyon.com\/index.php?rest_route=\/wp\/v2\/users\/1"}],"replies":[{"embeddable":true,"href":"http:\/\/gazetevizyon.com\/index.php?rest_route=%2Fwp%2Fv2%2Fcomments&post=20316"}],"version-history":[{"count":1,"href":"http:\/\/gazetevizyon.com\/index.php?rest_route=\/wp\/v2\/posts\/20316\/revisions"}],"predecessor-version":[{"id":20324,"href":"http:\/\/gazetevizyon.com\/index.php?rest_route=\/wp\/v2\/posts\/20316\/revisions\/20324"}],"wp:featuredmedia":[{"embeddable":true,"href":"http:\/\/gazetevizyon.com\/index.php?rest_route=\/wp\/v2\/media\/20317"}],"wp:attachment":[{"href":"http:\/\/gazetevizyon.com\/index.php?rest_route=%2Fwp%2Fv2%2Fmedia&parent=20316"}],"wp:term":[{"taxonomy":"category","embeddable":true,"href":"http:\/\/gazetevizyon.com\/index.php?rest_route=%2Fwp%2Fv2%2Fcategories&post=20316"},{"taxonomy":"post_tag","embeddable":true,"href":"http:\/\/gazetevizyon.com\/index.php?rest_route=%2Fwp%2Fv2%2Ftags&post=20316"}],"curies":[{"name":"wp","href":"https:\/\/api.w.org\/{rel}","templated":true}]}}