{"id":20318,"date":"2025-02-06T06:39:06","date_gmt":"2025-02-06T06:39:06","guid":{"rendered":"http:\/\/gazetevizyon.com\/?p=20318"},"modified":"2025-02-06T06:39:06","modified_gmt":"2025-02-06T06:39:06","slug":"6-subat-depreminin-izleri-silinmedi-iki-yil-sonra-verilen-sozler-tutulmadi","status":"publish","type":"post","link":"http:\/\/gazetevizyon.com\/?p=20318","title":{"rendered":"6 \u015eubat Depreminin \u0130zleri Silinmedi: \u0130ki Y\u0131l Sonra Verilen S\u00f6zler Tutulmad\u0131"},"content":{"rendered":"<p><h2>Depremin Ard\u0131ndan Ge\u00e7en \u0130ki Y\u0131l<\/h2>\n<\/p>\n<p>6 \u015eubat 2023 tarihinde saat 04:17&#8217;de meydana gelen deprem, T\u00fcrkiye&#8217;nin 11 ilinde b\u00fcy\u00fck y\u0131k\u0131ma sebep oldu. Depremin etkisi sadece y\u0131k\u0131lan binalarla s\u0131n\u0131rl\u0131 kalmad\u0131, ayn\u0131 zamanda umutlar da yerle bir oldu. Aradan ge\u00e7en iki y\u0131l\u0131n ard\u0131ndan, adaletin sa\u011flanmad\u0131\u011f\u0131 ve verilen s\u00f6zlerin tutulmad\u0131\u011f\u0131 s\u0131k\u00e7a dile getiriliyor.<\/p>\n<p><h3>Toplanan Yard\u0131mlar\u0131n Ak\u0131beti Belirsiz<\/h3>\n<\/p>\n<p>Yurdun d\u00f6rt bir yan\u0131ndan toplanan yard\u0131mlar\u0131n hesaplar\u0131 hen\u00fcz a\u00e7\u0131kl\u0131\u011fa kavu\u015fturulmad\u0131. B\u00f6lgede ya\u015fayan bir\u00e7ok yurtta\u015f, halen konteynerlerde zor \u015fartlar alt\u0131nda ya\u015famlar\u0131n\u0131 s\u00fcrd\u00fcrmeye \u00e7al\u0131\u015f\u0131yor. S\u00f6z verilen konutlar\u0131n teslim edilmedi\u011fi ve vatanda\u015flar\u0131n ma\u011fduriyetlerinin giderilmedi\u011fi belirtiliyor.<\/p>\n<p><ul>  <\/p>\n<li>Yurtta\u015flar konteynerde ya\u015fam m\u00fccadelesi veriyor.<\/li>\n<p>  <\/p>\n<li>Toplanan yard\u0131mlar\u0131n hesab\u0131 verilmedi.<\/li>\n<p>  <\/p>\n<li>S\u00f6z verilen konutlar teslim edilmedi.<\/li>\n<p><\/ul>\n<\/p>\n<p><h2>Yeniden \u0130n\u015fa Yerine G\u00f6stermelik Ad\u0131mlar<\/h2>\n<\/p>\n<p>Ger\u00e7ek bir yeniden in\u015fa s\u00fcreci yerine, sadece g\u00f6stermelik ad\u0131mlar\u0131n at\u0131ld\u0131\u011f\u0131 belirtiliyor. Ancak, b\u00f6lgede iki y\u0131ld\u0131r s\u00fcren bu sessizli\u011fin, sadece anma t\u00f6renlerinde yank\u0131 buldu\u011fu ifade ediliyor. H\u00fck\u00fcmet yetkilileri, k\u0131sa s\u00fcreli \u00e7\u00f6z\u00fcmlerle dikkat \u00e7ekmeye \u00e7al\u0131\u015fsa da halk\u0131n temel talepleri yan\u0131ts\u0131z kalm\u0131\u015f durumda.<\/p>\n<p><h3>Deprem De\u011fil, \u0130hmal \u00d6ld\u00fcr\u00fcyor<\/h3>\n<\/p>\n<p>6 \u015eubat tarihi, sadece depremi anma g\u00fcn\u00fc de\u011fil, ayn\u0131 zamanda ihmalin \u00f6ld\u00fcrebilece\u011fine dair bir ders olmal\u0131. Deprem de\u011fil ihmaller \u00f6ld\u00fcr\u00fcyor. \u00dclke genelinde bu ger\u00e7e\u011fi unutmamak gerekti\u011fi, kaybedilenlerin hat\u0131rlanmas\u0131 ve sorumlular\u0131n hesap vermesi gerekti\u011fi vurgulan\u0131yor. M\u00fccadele, sorumlular hesap verene kadar devam edecek.<\/p>\n<p><strong>Kaybettiklerimizi unutmad\u0131k, unutturmayaca\u011f\u0131z.<\/strong><\/p>\n","protected":false},"excerpt":{"rendered":"<p>Depremin Ard\u0131ndan Ge\u00e7en \u0130ki Y\u0131l 6 \u015eubat 2023 tarihinde saat 04:17&#8217;de meydana gelen deprem, T\u00fcrkiye&#8217;nin 11 ilinde b\u00fcy\u00fck y\u0131k\u0131ma sebep oldu. Depremin etkisi sadece y\u0131k\u0131lan binalarla s\u0131n\u0131rl\u0131 kalmad\u0131, ayn\u0131 zamanda umutlar da yerle bir oldu. Aradan ge\u00e7en iki y\u0131l\u0131n ard\u0131ndan,&#8230;<\/p>\n","protected":false},"author":1,"featured_media":20319,"comment_status":"closed","ping_status":"closed","sticky":false,"template":"","format":"standard","meta":{"footnotes":""},"categories":[23],"tags":[],"class_list":["post-20318","post","type-post","status-publish","format-standard","has-post-thumbnail","hentry","category-siyaset"],"_links":{"self":[{"href":"http:\/\/gazetevizyon.com\/index.php?rest_route=\/wp\/v2\/posts\/20318","targetHints":{"allow":["GET"]}}],"collection":[{"href":"http:\/\/gazetevizyon.com\/index.php?rest_route=\/wp\/v2\/posts"}],"about":[{"href":"http:\/\/gazetevizyon.com\/index.php?rest_route=\/wp\/v2\/types\/post"}],"author":[{"embeddable":true,"href":"http:\/\/gazetevizyon.com\/index.php?rest_route=\/wp\/v2\/users\/1"}],"replies":[{"embeddable":true,"href":"http:\/\/gazetevizyon.com\/index.php?rest_route=%2Fwp%2Fv2%2Fcomments&post=20318"}],"version-history":[{"count":1,"href":"http:\/\/gazetevizyon.com\/index.php?rest_route=\/wp\/v2\/posts\/20318\/revisions"}],"predecessor-version":[{"id":20333,"href":"http:\/\/gazetevizyon.com\/index.php?rest_route=\/wp\/v2\/posts\/20318\/revisions\/20333"}],"wp:featuredmedia":[{"embeddable":true,"href":"http:\/\/gazetevizyon.com\/index.php?rest_route=\/wp\/v2\/media\/20319"}],"wp:attachment":[{"href":"http:\/\/gazetevizyon.com\/index.php?rest_route=%2Fwp%2Fv2%2Fmedia&parent=20318"}],"wp:term":[{"taxonomy":"category","embeddable":true,"href":"http:\/\/gazetevizyon.com\/index.php?rest_route=%2Fwp%2Fv2%2Fcategories&post=20318"},{"taxonomy":"post_tag","embeddable":true,"href":"http:\/\/gazetevizyon.com\/index.php?rest_route=%2Fwp%2Fv2%2Ftags&post=20318"}],"curies":[{"name":"wp","href":"https:\/\/api.w.org\/{rel}","templated":true}]}}