{"id":20322,"date":"2025-02-06T09:10:16","date_gmt":"2025-02-06T09:10:16","guid":{"rendered":"http:\/\/gazetevizyon.com\/?p=20322"},"modified":"2025-02-06T09:10:16","modified_gmt":"2025-02-06T09:10:16","slug":"ataturk-ve-latife-hanimin-balikesir-ziyareti","status":"publish","type":"post","link":"http:\/\/gazetevizyon.com\/?p=20322","title":{"rendered":"Atat\u00fcrk ve Latife Han\u0131m\u2019\u0131n Bal\u0131kesir Ziyareti"},"content":{"rendered":"<p><h2>Atat\u00fcrk&#8217;\u00fcn Bal\u0131kesir Ziyareti<\/h2>\n<p>Mustafa Kemal Atat\u00fcrk, Bal\u0131kesir&#8217;e 7 kez ziyarette bulunmu\u015f ve ilk kez e\u015fi Latife Han\u0131m ile 6 \u015eubat 1923 tarihinde gelmi\u015ftir. Bu ziyaret, Bal\u0131kesir halk\u0131 i\u00e7in tarihi bir \u00f6neme sahiptir.<\/p>\n<p><h3>Latife Han\u0131m ile \u0130lk Ziyaret<\/h3>\n<p>Latife Han\u0131m ile evlili\u011fini 29 Ocak 1923&#8217;te ger\u00e7ekle\u015ftiren Atat\u00fcrk, k\u0131sa bir s\u00fcre sonra birlikte Bal\u0131kesir&#8217;e gelerek halkla bulu\u015fmu\u015ftur. <strong>Atat\u00fcrk ve Latife Han\u0131m\u2019\u0131n bu ziyareti, ilgi ve co\u015fku ile kar\u015f\u0131lanm\u0131\u015ft\u0131r.<\/strong><\/p>\n<p><ul>  <\/p>\n<li>Atat\u00fcrk&#8217;\u00fcn Bal\u0131kesir&#8217;e ziyareti, milli m\u00fccadele d\u00f6neminde halk\u0131n moralini y\u00fckseltmi\u015ftir.<\/li>\n<p>  <\/p>\n<li>Latife Han\u0131m ile bu ilk ziyareti, toplumda kad\u0131n\u0131n rol\u00fcne dair \u00f6nemli mesajlar ta\u015f\u0131m\u0131\u015ft\u0131r.<\/li>\n<p><\/ul>\n<\/p>\n<p><h2>Ziyaretin \u00d6nemi ve Etkileri<\/h2>\n<p>Bal\u0131kesir&#8217;de vatanda\u015flarla bulu\u015fan Atat\u00fcrk, burada hem halkla yak\u0131ndan ilgilenmi\u015f hem de milli m\u00fccadelenin gerekliliklerini anlatm\u0131\u015ft\u0131r. Bu ziyaretin ard\u0131ndan Bal\u0131kesir halk\u0131, milli m\u00fccadeleye daha fazla destek vermeye ba\u015flam\u0131\u015ft\u0131r.<\/p>\n<p><h3>Toplum \u00dczerindeki Etkileri<\/h3>\n<p>Atat\u00fcrk ve Latife Han\u0131m\u2019\u0131n Bal\u0131kesir ziyareti, halk\u0131n moralini y\u00fckselterek ba\u011f\u0131ms\u0131zl\u0131k m\u00fccadelesine olan inanc\u0131 artt\u0131rm\u0131\u015ft\u0131r. Bu t\u00fcr ziyaretler, Atat\u00fcrk\u2019\u00fcn T\u00fcrkiye\u2019nin d\u00f6rt bir yan\u0131ndaki insanlar \u00fczerinde b\u0131rakt\u0131\u011f\u0131 derin etkilerin bir par\u00e7as\u0131 olmu\u015ftur.<\/p>\n<p><strong>Atat\u00fcrk\u2019\u00fcn Bal\u0131kesir&#8217;e yapt\u0131\u011f\u0131 bu ziyaret, sosyal ve siyasi boyutlar\u0131yla \u00f6nemli bir tarihsel olay olarak haf\u0131zalarda yer etmi\u015ftir.<\/strong><\/p>\n","protected":false},"excerpt":{"rendered":"<p>Atat\u00fcrk&#8217;\u00fcn Bal\u0131kesir Ziyareti Mustafa Kemal Atat\u00fcrk, Bal\u0131kesir&#8217;e 7 kez ziyarette bulunmu\u015f ve ilk kez e\u015fi Latife Han\u0131m ile 6 \u015eubat 1923 tarihinde gelmi\u015ftir. Bu ziyaret, Bal\u0131kesir halk\u0131 i\u00e7in tarihi bir \u00f6neme sahiptir. Latife Han\u0131m ile \u0130lk Ziyaret Latife Han\u0131m ile&#8230;<\/p>\n","protected":false},"author":1,"featured_media":20323,"comment_status":"closed","ping_status":"closed","sticky":false,"template":"","format":"standard","meta":{"footnotes":""},"categories":[36],"tags":[],"class_list":["post-20322","post","type-post","status-publish","format-standard","has-post-thumbnail","hentry","category-manset"],"_links":{"self":[{"href":"http:\/\/gazetevizyon.com\/index.php?rest_route=\/wp\/v2\/posts\/20322","targetHints":{"allow":["GET"]}}],"collection":[{"href":"http:\/\/gazetevizyon.com\/index.php?rest_route=\/wp\/v2\/posts"}],"about":[{"href":"http:\/\/gazetevizyon.com\/index.php?rest_route=\/wp\/v2\/types\/post"}],"author":[{"embeddable":true,"href":"http:\/\/gazetevizyon.com\/index.php?rest_route=\/wp\/v2\/users\/1"}],"replies":[{"embeddable":true,"href":"http:\/\/gazetevizyon.com\/index.php?rest_route=%2Fwp%2Fv2%2Fcomments&post=20322"}],"version-history":[{"count":1,"href":"http:\/\/gazetevizyon.com\/index.php?rest_route=\/wp\/v2\/posts\/20322\/revisions"}],"predecessor-version":[{"id":20334,"href":"http:\/\/gazetevizyon.com\/index.php?rest_route=\/wp\/v2\/posts\/20322\/revisions\/20334"}],"wp:featuredmedia":[{"embeddable":true,"href":"http:\/\/gazetevizyon.com\/index.php?rest_route=\/wp\/v2\/media\/20323"}],"wp:attachment":[{"href":"http:\/\/gazetevizyon.com\/index.php?rest_route=%2Fwp%2Fv2%2Fmedia&parent=20322"}],"wp:term":[{"taxonomy":"category","embeddable":true,"href":"http:\/\/gazetevizyon.com\/index.php?rest_route=%2Fwp%2Fv2%2Fcategories&post=20322"},{"taxonomy":"post_tag","embeddable":true,"href":"http:\/\/gazetevizyon.com\/index.php?rest_route=%2Fwp%2Fv2%2Ftags&post=20322"}],"curies":[{"name":"wp","href":"https:\/\/api.w.org\/{rel}","templated":true}]}}