{"id":20435,"date":"2025-02-07T00:29:16","date_gmt":"2025-02-07T00:29:16","guid":{"rendered":"http:\/\/gazetevizyon.com\/?p=20435"},"modified":"2025-02-07T00:29:16","modified_gmt":"2025-02-07T00:29:16","slug":"balikesirde-toplu-tasima-ucretlerine-zam-yeni-tarifeler-aciklandi","status":"publish","type":"post","link":"http:\/\/gazetevizyon.com\/?p=20435","title":{"rendered":"Bal\u0131kesir&#8217;de Toplu Ta\u015f\u0131ma \u00dccretlerine Zam: Yeni Tarifeler A\u00e7\u0131kland\u0131"},"content":{"rendered":"<p><h2>Bal\u0131kesir&#8217;de Toplu Ta\u015f\u0131ma \u00dccretlerine Zam<\/h2>\n<\/p>\n<p>Bal\u0131kesir B\u00fcy\u00fck\u015fehir Belediyesi Toplu Ta\u015f\u0131ma A.\u015e., kent genelinde toplu ta\u015f\u0131ma \u00fccretlerine zam yap\u0131ld\u0131\u011f\u0131n\u0131 duyurdu. Yeni fiyat tarifesi, <strong>7 \u015eubat Cuma<\/strong> g\u00fcn\u00fcnden itibaren y\u00fcr\u00fcrl\u00fc\u011fe girecek ve Bal\u0131kesir&#8217;deki \u00e7e\u015fitli g\u00fczergahlar\u0131 etkileyecek.<\/p>\n<p><h2>G\u00f6nen&#8217;deki Toplu Ta\u015f\u0131ma Yeni \u00dccretleri<\/h2>\n<\/p>\n<p>G\u00f6nen ve \u00e7evresinde uygulanacak yeni toplu ta\u015f\u0131ma tarifeleri ise \u015fu \u015fekilde belirlendi:<\/p>\n<p><ul>  <\/p>\n<li><strong>G\u00f6nen &#8211; Band\u0131rma<\/strong>: Tam bilet 122 TL, \u0130ndirimli bilet 42,50 TL<\/li>\n<p>  <\/p>\n<li><strong>G\u00f6nen \u015eehiri\u00e7i<\/strong>: Tam bilet 24 TL, \u0130ndirimli bilet 16 TL<\/li>\n<p>  <\/p>\n<li><strong>G\u00f6nen &#8211; Sar\u0131k\u00f6y<\/strong>: Tam bilet 36 TL, \u0130ndirimli bilet 22 TL<\/li>\n<p>  <\/p>\n<li><strong>G\u00f6nen &#8211; Manyas<\/strong>: Tam bilet 98 TL, \u0130ndirimli bilet 31,50 TL<\/li>\n<p>  <\/p>\n<li><strong>G\u00f6nen &#8211; Tuzak\u00e7\u0131<\/strong>: Tam bilet 32 TL, \u0130ndirimli bilet 21 TL<\/li>\n<p><\/ul>\n<\/p>\n<p><h3>Yeni Tarifeler Neden Uyguland\u0131?<\/h3>\n<\/p>\n<p>\u00dccret art\u0131\u015f\u0131n\u0131n temel nedenlerinden biri olarak, artan yak\u0131t maliyetleri ve i\u015fletim giderleri g\u00f6steriliyor. Yetkililer, bu zamm\u0131n kalite ve hizmet s\u00fcrd\u00fcr\u00fclebilirli\u011fi a\u00e7\u0131s\u0131ndan zorunlu oldu\u011funu belirtti.<\/p>\n<p><h3>Vatanda\u015flar\u0131n Beklentileri Neler?<\/h3>\n<\/p>\n<p>G\u00f6nen ve \u00e7evresindeki yolcular, yeni tarifeler kar\u015f\u0131s\u0131nda hizmet kalitesinde bir iyile\u015fme ve daha etkili toplu ta\u015f\u0131ma \u00e7\u00f6z\u00fcmleri bekliyor. Zamlar, \u00f6zellikle g\u00fcnl\u00fck olarak toplu ta\u015f\u0131may\u0131 kullananlar aras\u0131nda \u00e7e\u015fitli tepkilere neden olabilir.<\/p>\n<p><h2>Toplu Ula\u015f\u0131mda Dikkat Edilmesi Gerekenler<\/h2>\n<\/p>\n<p>Yolcular, yeni fiyat tarifesine uyarak, seyahat planlar\u0131n\u0131 7 \u015eubat tarihinden itibaren bu do\u011frultuda d\u00fczenlemelidir.<\/p>\n","protected":false},"excerpt":{"rendered":"<p>Bal\u0131kesir&#8217;de Toplu Ta\u015f\u0131ma \u00dccretlerine Zam Bal\u0131kesir B\u00fcy\u00fck\u015fehir Belediyesi Toplu Ta\u015f\u0131ma A.\u015e., kent genelinde toplu ta\u015f\u0131ma \u00fccretlerine zam yap\u0131ld\u0131\u011f\u0131n\u0131 duyurdu. Yeni fiyat tarifesi, 7 \u015eubat Cuma g\u00fcn\u00fcnden itibaren y\u00fcr\u00fcrl\u00fc\u011fe girecek ve Bal\u0131kesir&#8217;deki \u00e7e\u015fitli g\u00fczergahlar\u0131 etkileyecek. G\u00f6nen&#8217;deki Toplu Ta\u015f\u0131ma Yeni \u00dccretleri G\u00f6nen&#8230;<\/p>\n","protected":false},"author":1,"featured_media":20436,"comment_status":"closed","ping_status":"closed","sticky":false,"template":"","format":"standard","meta":{"footnotes":""},"categories":[36],"tags":[],"class_list":["post-20435","post","type-post","status-publish","format-standard","has-post-thumbnail","hentry","category-manset"],"_links":{"self":[{"href":"http:\/\/gazetevizyon.com\/index.php?rest_route=\/wp\/v2\/posts\/20435","targetHints":{"allow":["GET"]}}],"collection":[{"href":"http:\/\/gazetevizyon.com\/index.php?rest_route=\/wp\/v2\/posts"}],"about":[{"href":"http:\/\/gazetevizyon.com\/index.php?rest_route=\/wp\/v2\/types\/post"}],"author":[{"embeddable":true,"href":"http:\/\/gazetevizyon.com\/index.php?rest_route=\/wp\/v2\/users\/1"}],"replies":[{"embeddable":true,"href":"http:\/\/gazetevizyon.com\/index.php?rest_route=%2Fwp%2Fv2%2Fcomments&post=20435"}],"version-history":[{"count":1,"href":"http:\/\/gazetevizyon.com\/index.php?rest_route=\/wp\/v2\/posts\/20435\/revisions"}],"predecessor-version":[{"id":20453,"href":"http:\/\/gazetevizyon.com\/index.php?rest_route=\/wp\/v2\/posts\/20435\/revisions\/20453"}],"wp:featuredmedia":[{"embeddable":true,"href":"http:\/\/gazetevizyon.com\/index.php?rest_route=\/wp\/v2\/media\/20436"}],"wp:attachment":[{"href":"http:\/\/gazetevizyon.com\/index.php?rest_route=%2Fwp%2Fv2%2Fmedia&parent=20435"}],"wp:term":[{"taxonomy":"category","embeddable":true,"href":"http:\/\/gazetevizyon.com\/index.php?rest_route=%2Fwp%2Fv2%2Fcategories&post=20435"},{"taxonomy":"post_tag","embeddable":true,"href":"http:\/\/gazetevizyon.com\/index.php?rest_route=%2Fwp%2Fv2%2Ftags&post=20435"}],"curies":[{"name":"wp","href":"https:\/\/api.w.org\/{rel}","templated":true}]}}