{"id":20631,"date":"2025-02-09T21:35:54","date_gmt":"2025-02-09T21:35:54","guid":{"rendered":"http:\/\/gazetevizyon.com\/?p=20631"},"modified":"2025-02-09T21:35:54","modified_gmt":"2025-02-09T21:35:54","slug":"dursunbeyde-kamulastirma-kararinin-yol-actigi-vatandas-magduriyeti","status":"publish","type":"post","link":"http:\/\/gazetevizyon.com\/?p=20631","title":{"rendered":"Dursunbey&#8217;de Kamula\u015ft\u0131rma Karar\u0131n\u0131n Yol A\u00e7t\u0131\u011f\u0131 Vatanda\u015f Ma\u011fduriyeti"},"content":{"rendered":"<p><h2>Dursunbey&#8217;de Kamula\u015ft\u0131rma Karar\u0131n\u0131n Etkileri<\/h2>\n<\/p>\n<p>Dursunbey&#8217;de belediye taraf\u0131ndan al\u0131nan kamula\u015ft\u0131rma karar\u0131, b\u00f6lgede ya\u015fayan vatanda\u015flar i\u00e7in \u00e7e\u015fitli sorunlar do\u011furdu. Karar\u0131n ard\u0131ndan bir\u00e7ok ki\u015fide ma\u011fduriyet ya\u015fan\u0131rken, bu durumu yerinde inceleyerek \u00e7\u00f6z\u00fcm aray\u0131\u015flar\u0131 ba\u015flad\u0131.<\/p>\n<p><h3>Vatanda\u015flar\u0131n Sesine Kulak Verdik<\/h3>\n<\/p>\n<p>Kamula\u015ft\u0131rma karar\u0131n\u0131n ard\u0131ndan, hak kay\u0131plar\u0131na u\u011frayan vatanda\u015flar, ya\u015fad\u0131klar\u0131 ma\u011fduriyetleri dile getirdi. Yerel yetkililer ve sivil toplum temsilcileri, sorunlar\u0131n adil bir \u015fekilde \u00e7\u00f6z\u00fclmesi i\u00e7in olay yerinde incelemelerde bulunarak, vatanda\u015flar\u0131n yan\u0131nda olmay\u0131 s\u00fcrd\u00fcreceklerini belirtti.<\/p>\n<p><h2>Adil \u00c7\u00f6z\u00fcm Aray\u0131\u015flar\u0131 Devam Ediyor<\/h2>\n<\/p>\n<p><strong>Yerel yetkililer<\/strong>, hak kay\u0131plar\u0131n\u0131n \u00f6n\u00fcne ge\u00e7mek ve adil bir \u00e7\u00f6z\u00fcm sa\u011flamak ad\u0131na konunun takip\u00e7isi olacaklar\u0131n\u0131 a\u00e7\u0131klad\u0131. Vatanda\u015flar\u0131n yan\u0131nda olmaya ve onlar\u0131n sesi olmaya \u00f6zen g\u00f6steren ekipler, geni\u015f kapsaml\u0131 de\u011ferlendirmeler ile s\u00fcreci izlemeye devam edecek.<\/p>\n<p><ul>  <\/p>\n<li>Vatanda\u015flar\u0131n haklar\u0131 korunacak<\/li>\n<p>  <\/p>\n<li>Yerinde incelemeler yap\u0131lacak<\/li>\n<p>  <\/p>\n<li>Adil \u00e7\u00f6z\u00fcm yollar\u0131 aranacak<\/li>\n<p><\/ul>\n<\/p>\n<p><h3>Toplumun Deste\u011fi \u00d6nemli<\/h3>\n<\/p>\n<p>Bu t\u00fcr olaylar\u0131n m\u00fczakere ile \u00e7\u00f6z\u00fcme kavu\u015fmas\u0131 ve vatanda\u015flar\u0131n daha fazla ma\u011fduriyet ya\u015famamas\u0131 i\u00e7in toplumun deste\u011fi \u00f6nemli g\u00f6r\u00fcl\u00fcyor. Yetkililer, vatanda\u015flar\u0131n haklar\u0131n\u0131 savunmak ve olas\u0131 ma\u011fduriyetlerin \u00f6n\u00fcne ge\u00e7mek hususunda kararl\u0131l\u0131kla hareket ediyor.<\/p>\n","protected":false},"excerpt":{"rendered":"<p>Dursunbey&#8217;de Kamula\u015ft\u0131rma Karar\u0131n\u0131n Etkileri Dursunbey&#8217;de belediye taraf\u0131ndan al\u0131nan kamula\u015ft\u0131rma karar\u0131, b\u00f6lgede ya\u015fayan vatanda\u015flar i\u00e7in \u00e7e\u015fitli sorunlar do\u011furdu. Karar\u0131n ard\u0131ndan bir\u00e7ok ki\u015fide ma\u011fduriyet ya\u015fan\u0131rken, bu durumu yerinde inceleyerek \u00e7\u00f6z\u00fcm aray\u0131\u015flar\u0131 ba\u015flad\u0131. Vatanda\u015flar\u0131n Sesine Kulak Verdik Kamula\u015ft\u0131rma karar\u0131n\u0131n ard\u0131ndan, hak kay\u0131plar\u0131na u\u011frayan&#8230;<\/p>\n","protected":false},"author":1,"featured_media":20632,"comment_status":"closed","ping_status":"closed","sticky":false,"template":"","format":"standard","meta":{"footnotes":""},"categories":[23],"tags":[],"class_list":["post-20631","post","type-post","status-publish","format-standard","has-post-thumbnail","hentry","category-siyaset"],"_links":{"self":[{"href":"http:\/\/gazetevizyon.com\/index.php?rest_route=\/wp\/v2\/posts\/20631","targetHints":{"allow":["GET"]}}],"collection":[{"href":"http:\/\/gazetevizyon.com\/index.php?rest_route=\/wp\/v2\/posts"}],"about":[{"href":"http:\/\/gazetevizyon.com\/index.php?rest_route=\/wp\/v2\/types\/post"}],"author":[{"embeddable":true,"href":"http:\/\/gazetevizyon.com\/index.php?rest_route=\/wp\/v2\/users\/1"}],"replies":[{"embeddable":true,"href":"http:\/\/gazetevizyon.com\/index.php?rest_route=%2Fwp%2Fv2%2Fcomments&post=20631"}],"version-history":[{"count":1,"href":"http:\/\/gazetevizyon.com\/index.php?rest_route=\/wp\/v2\/posts\/20631\/revisions"}],"predecessor-version":[{"id":20651,"href":"http:\/\/gazetevizyon.com\/index.php?rest_route=\/wp\/v2\/posts\/20631\/revisions\/20651"}],"wp:featuredmedia":[{"embeddable":true,"href":"http:\/\/gazetevizyon.com\/index.php?rest_route=\/wp\/v2\/media\/20632"}],"wp:attachment":[{"href":"http:\/\/gazetevizyon.com\/index.php?rest_route=%2Fwp%2Fv2%2Fmedia&parent=20631"}],"wp:term":[{"taxonomy":"category","embeddable":true,"href":"http:\/\/gazetevizyon.com\/index.php?rest_route=%2Fwp%2Fv2%2Fcategories&post=20631"},{"taxonomy":"post_tag","embeddable":true,"href":"http:\/\/gazetevizyon.com\/index.php?rest_route=%2Fwp%2Fv2%2Ftags&post=20631"}],"curies":[{"name":"wp","href":"https:\/\/api.w.org\/{rel}","templated":true}]}}