{"id":20633,"date":"2025-02-09T21:34:18","date_gmt":"2025-02-09T21:34:18","guid":{"rendered":"http:\/\/gazetevizyon.com\/?p=20633"},"modified":"2025-02-09T21:34:18","modified_gmt":"2025-02-09T21:34:18","slug":"bandirmada-sabah-namazi-bulusmasi-tum-halk-davetli","status":"publish","type":"post","link":"http:\/\/gazetevizyon.com\/?p=20633","title":{"rendered":"Band\u0131rma&#8217;da Sabah Namaz\u0131 Bulu\u015fmas\u0131: T\u00fcm Halk Davetli"},"content":{"rendered":"<p><h2>Band\u0131rma&#8217;da Manevi Atmosferde Sabah Namaz\u0131 Bulu\u015fmas\u0131<\/h2>\n<p><strong>Band\u0131rma \u0130l\u00e7e M\u00fcft\u00fcl\u00fc\u011f\u00fc<\/strong>, 10 \u015eubat 2025 Pazar g\u00fcn\u00fc Muradiye Camii&#8217;nde ger\u00e7ekle\u015fecek olan sabah namaz\u0131 bulu\u015fmas\u0131na t\u00fcm il\u00e7e halk\u0131n\u0131 davet ediyor. Etkinlik, manevi bir atmosferde ger\u00e7ekle\u015fecek olan farkl\u0131 programlarla zenginle\u015ftiriliyor.<\/p>\n<p><h3>Etkinlik Detaylar\u0131<\/h3>\n<p>Sabah namaz\u0131 bulu\u015fmas\u0131, saat 06:40&#8217;ta Muradiye Camii&#8217;nde ba\u015flayacak. Program, Kur&#8217;an-\u0131 Kerim tilaveti ile a\u00e7\u0131lacak ve sonras\u0131nda:<\/p>\n<p><ul>  <\/p>\n<li>Sabah namaz\u0131<\/li>\n<p>  <\/p>\n<li>Tesbihat<\/li>\n<p>  <\/p>\n<li>Sohbet<\/li>\n<p>  <\/p>\n<li>Dua<\/li>\n<p>  <\/p>\n<li>\u0130kram<\/li>\n<p><\/ul>\n<p>faaliyetleri ile devam edecek. T\u00fcm etkinlik, kat\u0131l\u0131mc\u0131lara manevi bir atmosfer sunmay\u0131 hedefliyor.<\/p>\n<p><h2>Toplumsal Dayan\u0131\u015fmaya Davet<\/h2>\n<p>Bu bulu\u015fma, \u015fehirde birlik ve beraberli\u011fi g\u00fc\u00e7lendirme amac\u0131n\u0131 ta\u015f\u0131yor. <strong>Yediden yetmi\u015fe herkes<\/strong> etkinli\u011fe kat\u0131labilir ve manevi huzurun payda\u015f\u0131 olabilir.<\/p>\n<p><h3>Ailecek Kat\u0131l\u0131m\u0131n \u00d6nemi<\/h3>\n<p>Etkinlik, \u00f6zellikle ailelerin birlikte vakit ge\u00e7irmesi ad\u0131na te\u015fvik ediliyor. Band\u0131rma \u0130l\u00e7e M\u00fcft\u00fcl\u00fc\u011f\u00fc, toplumsal ba\u011flar\u0131n g\u00fc\u00e7lenmesine katk\u0131da bulunmak amac\u0131yla bu sabah bulu\u015fmalar\u0131na \u00f6zel bir \u00f6nem veriyor.<\/p>\n<p>#Band\u0131rma #SabahNamaz\u0131 #M\u00fcft\u00fcl\u00fckEtkinli\u011fi #MuradiyeCamii #ToplumsalDayan\u0131\u015fma<\/p>\n","protected":false},"excerpt":{"rendered":"<p>Band\u0131rma&#8217;da Manevi Atmosferde Sabah Namaz\u0131 Bulu\u015fmas\u0131 Band\u0131rma \u0130l\u00e7e M\u00fcft\u00fcl\u00fc\u011f\u00fc, 10 \u015eubat 2025 Pazar g\u00fcn\u00fc Muradiye Camii&#8217;nde ger\u00e7ekle\u015fecek olan sabah namaz\u0131 bulu\u015fmas\u0131na t\u00fcm il\u00e7e halk\u0131n\u0131 davet ediyor. Etkinlik, manevi bir atmosferde ger\u00e7ekle\u015fecek olan farkl\u0131 programlarla zenginle\u015ftiriliyor. Etkinlik Detaylar\u0131 Sabah namaz\u0131 bulu\u015fmas\u0131,&#8230;<\/p>\n","protected":false},"author":1,"featured_media":20634,"comment_status":"closed","ping_status":"closed","sticky":false,"template":"","format":"standard","meta":{"footnotes":""},"categories":[36],"tags":[],"class_list":["post-20633","post","type-post","status-publish","format-standard","has-post-thumbnail","hentry","category-manset"],"_links":{"self":[{"href":"http:\/\/gazetevizyon.com\/index.php?rest_route=\/wp\/v2\/posts\/20633","targetHints":{"allow":["GET"]}}],"collection":[{"href":"http:\/\/gazetevizyon.com\/index.php?rest_route=\/wp\/v2\/posts"}],"about":[{"href":"http:\/\/gazetevizyon.com\/index.php?rest_route=\/wp\/v2\/types\/post"}],"author":[{"embeddable":true,"href":"http:\/\/gazetevizyon.com\/index.php?rest_route=\/wp\/v2\/users\/1"}],"replies":[{"embeddable":true,"href":"http:\/\/gazetevizyon.com\/index.php?rest_route=%2Fwp%2Fv2%2Fcomments&post=20633"}],"version-history":[{"count":1,"href":"http:\/\/gazetevizyon.com\/index.php?rest_route=\/wp\/v2\/posts\/20633\/revisions"}],"predecessor-version":[{"id":20650,"href":"http:\/\/gazetevizyon.com\/index.php?rest_route=\/wp\/v2\/posts\/20633\/revisions\/20650"}],"wp:featuredmedia":[{"embeddable":true,"href":"http:\/\/gazetevizyon.com\/index.php?rest_route=\/wp\/v2\/media\/20634"}],"wp:attachment":[{"href":"http:\/\/gazetevizyon.com\/index.php?rest_route=%2Fwp%2Fv2%2Fmedia&parent=20633"}],"wp:term":[{"taxonomy":"category","embeddable":true,"href":"http:\/\/gazetevizyon.com\/index.php?rest_route=%2Fwp%2Fv2%2Fcategories&post=20633"},{"taxonomy":"post_tag","embeddable":true,"href":"http:\/\/gazetevizyon.com\/index.php?rest_route=%2Fwp%2Fv2%2Ftags&post=20633"}],"curies":[{"name":"wp","href":"https:\/\/api.w.org\/{rel}","templated":true}]}}