{"id":21104,"date":"2025-02-14T18:45:17","date_gmt":"2025-02-14T18:45:17","guid":{"rendered":"http:\/\/gazetevizyon.com\/?p=21104"},"modified":"2025-02-14T18:45:17","modified_gmt":"2025-02-14T18:45:17","slug":"marmara-adalar-belediyesinden-eceye-dogum-gunu-surprizi","status":"publish","type":"post","link":"http:\/\/gazetevizyon.com\/?p=21104","title":{"rendered":"Marmara Adalar Belediyesi&#8217;nden Ece&#8217;ye Do\u011fum G\u00fcn\u00fc S\u00fcrprizi"},"content":{"rendered":"<p><h2>G\u00fclen Y\u00fcz Ece&#8217;ye S\u00fcrpriz Kutlama<\/h2>\n<p>Marmara Adalar Belediyesi, adan\u0131n sevilen simas\u0131 Ece&#8217;nin do\u011fum g\u00fcn\u00fcn\u00fc unutmad\u0131. Ece&#8217;ye \u00f6zel haz\u0131rlanan s\u00fcrpriz paketi ve pasta ile bu anlaml\u0131 g\u00fcn kutland\u0131.<\/p>\n<p><h3>\u00d6zel Bir G\u00fcn \u0130\u00e7in \u00d6zel Haz\u0131rl\u0131k<\/h3>\n<p><strong>Ece&#8217;nin do\u011fum g\u00fcn\u00fc<\/strong> vesilesiyle Marmara Adalar Belediyesi, Ece&#8217;ye unutulmaz bir g\u00fcn ya\u015fatt\u0131. Haz\u0131rlanan hediyeler ve pasta, Ece&#8217;ye teslim edildi ve do\u011fum g\u00fcn\u00fc co\u015fkuyla kutland\u0131.<\/p>\n<p><h2>Marmara Adalar\u0131&#8217;nda Ece&#8217;ye Nice Y\u0131llar<\/h2>\n<p>Do\u011fum g\u00fcn\u00fcn\u00fc kutlayarak Ece&#8217;ye iyi dileklerde bulunan Marmara Adalar Belediyesi, sevgi dolu mesajlar ile Ece\u2019ye olan ba\u011fl\u0131l\u0131\u011f\u0131n\u0131 g\u00f6sterdi: &#8220;Nice mutlu ve sa\u011fl\u0131kl\u0131 y\u0131llara Ece!&#8221;<\/p>\n<p><ul>  <\/p>\n<li>Do\u011fum g\u00fcn\u00fc kutlamas\u0131<\/li>\n<p>  <\/p>\n<li>\u00d6zel haz\u0131rlanan hediyeler<\/li>\n<p>  <\/p>\n<li>Lezzetli pasta<\/li>\n<p><\/ul>\n<\/p>\n<p><h2>Topluluk Ruhu ve Dayan\u0131\u015fma<\/h2>\n<p>Topluluk ruhunun \u00f6nemine vurgu yapan bu jest, Marmara Adalar\u0131&#8217;nda insanlar\u0131 bir araya getiren basit ama zarif bir kutlama olarak dikkat \u00e7ekti.<\/p>\n","protected":false},"excerpt":{"rendered":"<p>G\u00fclen Y\u00fcz Ece&#8217;ye S\u00fcrpriz Kutlama Marmara Adalar Belediyesi, adan\u0131n sevilen simas\u0131 Ece&#8217;nin do\u011fum g\u00fcn\u00fcn\u00fc unutmad\u0131. Ece&#8217;ye \u00f6zel haz\u0131rlanan s\u00fcrpriz paketi ve pasta ile bu anlaml\u0131 g\u00fcn kutland\u0131. \u00d6zel Bir G\u00fcn \u0130\u00e7in \u00d6zel Haz\u0131rl\u0131k Ece&#8217;nin do\u011fum g\u00fcn\u00fc vesilesiyle Marmara Adalar Belediyesi,&#8230;<\/p>\n","protected":false},"author":1,"featured_media":21105,"comment_status":"closed","ping_status":"closed","sticky":false,"template":"","format":"standard","meta":{"footnotes":""},"categories":[36],"tags":[],"class_list":["post-21104","post","type-post","status-publish","format-standard","has-post-thumbnail","hentry","category-manset"],"_links":{"self":[{"href":"http:\/\/gazetevizyon.com\/index.php?rest_route=\/wp\/v2\/posts\/21104","targetHints":{"allow":["GET"]}}],"collection":[{"href":"http:\/\/gazetevizyon.com\/index.php?rest_route=\/wp\/v2\/posts"}],"about":[{"href":"http:\/\/gazetevizyon.com\/index.php?rest_route=\/wp\/v2\/types\/post"}],"author":[{"embeddable":true,"href":"http:\/\/gazetevizyon.com\/index.php?rest_route=\/wp\/v2\/users\/1"}],"replies":[{"embeddable":true,"href":"http:\/\/gazetevizyon.com\/index.php?rest_route=%2Fwp%2Fv2%2Fcomments&post=21104"}],"version-history":[{"count":1,"href":"http:\/\/gazetevizyon.com\/index.php?rest_route=\/wp\/v2\/posts\/21104\/revisions"}],"predecessor-version":[{"id":21149,"href":"http:\/\/gazetevizyon.com\/index.php?rest_route=\/wp\/v2\/posts\/21104\/revisions\/21149"}],"wp:featuredmedia":[{"embeddable":true,"href":"http:\/\/gazetevizyon.com\/index.php?rest_route=\/wp\/v2\/media\/21105"}],"wp:attachment":[{"href":"http:\/\/gazetevizyon.com\/index.php?rest_route=%2Fwp%2Fv2%2Fmedia&parent=21104"}],"wp:term":[{"taxonomy":"category","embeddable":true,"href":"http:\/\/gazetevizyon.com\/index.php?rest_route=%2Fwp%2Fv2%2Fcategories&post=21104"},{"taxonomy":"post_tag","embeddable":true,"href":"http:\/\/gazetevizyon.com\/index.php?rest_route=%2Fwp%2Fv2%2Ftags&post=21104"}],"curies":[{"name":"wp","href":"https:\/\/api.w.org\/{rel}","templated":true}]}}