{"id":21106,"date":"2025-02-14T18:44:51","date_gmt":"2025-02-14T18:44:51","guid":{"rendered":"http:\/\/gazetevizyon.com\/?p=21106"},"modified":"2025-02-14T18:44:51","modified_gmt":"2025-02-14T18:44:51","slug":"vali-ismail-ustaoglunun-ivrindi-buyukyenice-mahallesi-ziyareti","status":"publish","type":"post","link":"http:\/\/gazetevizyon.com\/?p=21106","title":{"rendered":"Vali \u0130smail Ustao\u011flu&#8217;nun \u0130vrindi B\u00fcy\u00fckyenice Mahallesi Ziyareti"},"content":{"rendered":"<p><h2>Vali Ustao\u011flu, \u0130vrindi B\u00fcy\u00fckyenice Mahallesi&#8217;nde Vatanda\u015flarla Bulu\u015ftu<\/h2>\n<p>Bal\u0131kesir Valisi \u0130smail Ustao\u011flu, \u0130vrindi il\u00e7esine ba\u011fl\u0131 B\u00fcy\u00fckyenice Mahallesi&#8217;ni ziyaret ederek burada ya\u015fayan vatanda\u015flarla bulu\u015ftu. Ziyaret s\u0131ras\u0131nda mahalle halk\u0131n\u0131n sorunlar\u0131n\u0131 dinleyen Vali Ustao\u011flu, halk\u0131n ihtiya\u00e7lar\u0131 hakk\u0131nda bilgi ald\u0131.<\/p>\n<p><h3>\u00c7ocuklara Yak\u0131n \u0130lgi<\/h3>\n<p>Vali Ustao\u011flu&#8217;nun ziyareti, \u00f6zellikle \u00e7ocuklar i\u00e7in de olduk\u00e7a \u00f6zel bir an\u0131 oldu. Mahalledeki \u00e7ocuklarla yak\u0131ndan ilgilenen Vali, onlar\u0131n e\u011fitim ve sosyal hayatlar\u0131 hakk\u0131nda bilgi ald\u0131. Ustao\u011flu, gelece\u011fimizin teminat\u0131 olan \u00e7ocuklar\u0131n iyi ko\u015fullarda yeti\u015fmesi i\u00e7in mevcut ihtiya\u00e7lar\u0131n kar\u015f\u0131lanmas\u0131n\u0131n \u00f6nemine vurgu yapt\u0131.<\/p>\n<p><h3>Mahalle Sakinlerinin Talepleri<\/h3>\n<p><strong>Mahalle sakinlerinin beklentilerini ve taleplerini<\/strong> dinleyen Vali Ustao\u011flu, yerel y\u00f6netimle uyum i\u00e7inde \u00e7al\u0131\u015farak sorunlara \u00e7\u00f6z\u00fcm arayacaklar\u0131n\u0131 belirtti. Vatanda\u015flar, yol, su ve sosyal hizmetler gibi konulardaki taleplerini dile getirme f\u0131rsat\u0131 buldu.<\/p>\n<p><ul><\/p>\n<li>Yol ve altyap\u0131 talepleri<\/li>\n<p><\/p>\n<li>Sosyal hizmetlerin iyile\u015ftirilmesi<\/li>\n<p><\/p>\n<li>\u00c7ocuklar\u0131n e\u011fitim ko\u015fullar\u0131n\u0131n desteklenmesi<\/li>\n<p><\/ul>\n<\/p>\n<p><h2>Halk\u0131n Talepleri ve \u0130darenin \u00c7\u00f6z\u00fcm Aray\u0131\u015flar\u0131<\/h2>\n<p>Ziyaret s\u0131ras\u0131nda edindi\u011fi bilgileri not eden Vali Ustao\u011flu, ilgili birimlerle i\u015fbirli\u011fi yaparak, yerel halk\u0131n taleplerinin kar\u015f\u0131lanmas\u0131na y\u00f6nelik \u00e7al\u0131\u015fma ba\u015flatacaklar\u0131n\u0131 ifade etti. Bu t\u00fcr bulu\u015fmalar\u0131n s\u00fcreklili\u011finin \u00f6nemine de\u011finen Vali, halk\u0131n y\u00f6netime kat\u0131l\u0131m\u0131n\u0131n art\u0131r\u0131lmas\u0131na y\u00f6nelik \u00e7al\u0131\u015fmalara devam edilece\u011fini s\u00f6yledi.<\/p>\n","protected":false},"excerpt":{"rendered":"<p>Vali Ustao\u011flu, \u0130vrindi B\u00fcy\u00fckyenice Mahallesi&#8217;nde Vatanda\u015flarla Bulu\u015ftu Bal\u0131kesir Valisi \u0130smail Ustao\u011flu, \u0130vrindi il\u00e7esine ba\u011fl\u0131 B\u00fcy\u00fckyenice Mahallesi&#8217;ni ziyaret ederek burada ya\u015fayan vatanda\u015flarla bulu\u015ftu. Ziyaret s\u0131ras\u0131nda mahalle halk\u0131n\u0131n sorunlar\u0131n\u0131 dinleyen Vali Ustao\u011flu, halk\u0131n ihtiya\u00e7lar\u0131 hakk\u0131nda bilgi ald\u0131. \u00c7ocuklara Yak\u0131n \u0130lgi Vali Ustao\u011flu&#8217;nun&#8230;<\/p>\n","protected":false},"author":1,"featured_media":21107,"comment_status":"closed","ping_status":"closed","sticky":false,"template":"","format":"standard","meta":{"footnotes":""},"categories":[36],"tags":[],"class_list":["post-21106","post","type-post","status-publish","format-standard","has-post-thumbnail","hentry","category-manset"],"_links":{"self":[{"href":"http:\/\/gazetevizyon.com\/index.php?rest_route=\/wp\/v2\/posts\/21106","targetHints":{"allow":["GET"]}}],"collection":[{"href":"http:\/\/gazetevizyon.com\/index.php?rest_route=\/wp\/v2\/posts"}],"about":[{"href":"http:\/\/gazetevizyon.com\/index.php?rest_route=\/wp\/v2\/types\/post"}],"author":[{"embeddable":true,"href":"http:\/\/gazetevizyon.com\/index.php?rest_route=\/wp\/v2\/users\/1"}],"replies":[{"embeddable":true,"href":"http:\/\/gazetevizyon.com\/index.php?rest_route=%2Fwp%2Fv2%2Fcomments&post=21106"}],"version-history":[{"count":1,"href":"http:\/\/gazetevizyon.com\/index.php?rest_route=\/wp\/v2\/posts\/21106\/revisions"}],"predecessor-version":[{"id":21148,"href":"http:\/\/gazetevizyon.com\/index.php?rest_route=\/wp\/v2\/posts\/21106\/revisions\/21148"}],"wp:featuredmedia":[{"embeddable":true,"href":"http:\/\/gazetevizyon.com\/index.php?rest_route=\/wp\/v2\/media\/21107"}],"wp:attachment":[{"href":"http:\/\/gazetevizyon.com\/index.php?rest_route=%2Fwp%2Fv2%2Fmedia&parent=21106"}],"wp:term":[{"taxonomy":"category","embeddable":true,"href":"http:\/\/gazetevizyon.com\/index.php?rest_route=%2Fwp%2Fv2%2Fcategories&post=21106"},{"taxonomy":"post_tag","embeddable":true,"href":"http:\/\/gazetevizyon.com\/index.php?rest_route=%2Fwp%2Fv2%2Ftags&post=21106"}],"curies":[{"name":"wp","href":"https:\/\/api.w.org\/{rel}","templated":true}]}}