{"id":21177,"date":"2025-02-15T15:43:42","date_gmt":"2025-02-15T15:43:42","guid":{"rendered":"http:\/\/gazetevizyon.com\/?p=21177"},"modified":"2025-02-15T15:43:42","modified_gmt":"2025-02-15T15:43:42","slug":"balikesir-buyuksehir-belediyesi-yetkilileri-erdekte-iyilestirme-calismalarinda","status":"publish","type":"post","link":"http:\/\/gazetevizyon.com\/?p=21177","title":{"rendered":"Bal\u0131kesir B\u00fcy\u00fck\u015fehir Belediyesi Yetkilileri Erdek&#8217;te \u0130yile\u015ftirme \u00c7al\u0131\u015fmalar\u0131nda"},"content":{"rendered":"<p><h2>Erdek&#8217;te Kanalizasyon ve Altyap\u0131 \u00c7al\u0131\u015fmalar\u0131 Devam Ediyor<\/h2>\n<p>Bal\u0131kesir B\u00fcy\u00fck\u015fehir Belediyesi&#8217;nin \u00fcst d\u00fczey yetkilileri, Erdek&#8217;teki devam eden altyap\u0131 \u00e7al\u0131\u015fmalar\u0131n\u0131 yerinde incelemek i\u00e7in \u00f6nemli bir ziyaret ger\u00e7ekle\u015ftirdi. BASK\u0130 Genel M\u00fcd\u00fcr\u00fc Erdo\u011fan \u00d6zt\u00fcrk ve Bal\u0131kesir B\u00fcy\u00fck\u015fehir Belediyesi Genel Sekreter Yard\u0131mc\u0131s\u0131 Mehmet Refik G\u00fcndo\u011fan, Erdek Belediye Ba\u015fkan\u0131 Burhan Kar\u0131\u015f\u0131k ile g\u00f6r\u00fc\u015f ger\u00e7ekle\u015ftirdi.<\/p>\n<p><h3>Yerinde \u0130nceleme ve Saha G\u00f6r\u00fc\u015fmeleri<\/h3>\n<p>\u00d6zt\u00fcrk ve G\u00fcndo\u011fan, Erdek&#8217;teki kanalizasyon ve altyap\u0131 \u00e7al\u0131\u015fmalar\u0131n\u0131n durumunu daha iyi anlayabilmek ad\u0131na ilgili kurum amirleriyle bir toplant\u0131 d\u00fczenledi. Bu toplant\u0131 sonras\u0131 ekip, saha \u00e7al\u0131\u015fmalar\u0131n\u0131 yerinde inceleyerek durum de\u011ferlendirmesinde bulundu. **Asfalt yol yap\u0131m ve onar\u0131m \u00e7al\u0131\u015fmalar\u0131n\u0131n h\u0131zla tamamlanmas\u0131 planlan\u0131yor.**<\/p>\n<p><ul>  <\/p>\n<li>Kanalizasyon \u00e7al\u0131\u015fmalar\u0131<\/li>\n<p>  <\/p>\n<li>Altyap\u0131 geli\u015ftirme<\/li>\n<p>  <\/p>\n<li>Yol yap\u0131m ve onar\u0131m<\/li>\n<p><\/ul>\n<\/p>\n<p><h3>Yaz Sezonuna Haz\u0131rl\u0131k<\/h3>\n<p>Erdek&#8217;teki \u00e7al\u0131\u015fmalar\u0131n hedefi, yaz sezonunun ba\u015flamas\u0131ndan \u00f6nce tamamlanarak b\u00f6lgenin turizm a\u00e7\u0131s\u0131ndan cazibesini art\u0131rmak. Asfalt ve yol yap\u0131m \u00e7al\u0131\u015fmalar\u0131 tamamland\u0131ktan sonra peyzaj \u00e7al\u0131\u015fmalar\u0131n\u0131n ba\u015flamas\u0131 planlan\u0131yor. Bu sayede, **Erdek&#8217;in yaz sezonuna yeti\u015ftirilmesi** ama\u00e7lan\u0131yor.<\/p>\n<p>#Erdek #Altyap\u0131\u00c7al\u0131\u015fmalar\u0131 #Bal\u0131kesirB\u00fcy\u00fck\u015fehirBelediyesi #YolOnar\u0131m\u0131 #KanalizasyonProjesi<\/p>\n","protected":false},"excerpt":{"rendered":"<p>Erdek&#8217;te Kanalizasyon ve Altyap\u0131 \u00c7al\u0131\u015fmalar\u0131 Devam Ediyor Bal\u0131kesir B\u00fcy\u00fck\u015fehir Belediyesi&#8217;nin \u00fcst d\u00fczey yetkilileri, Erdek&#8217;teki devam eden altyap\u0131 \u00e7al\u0131\u015fmalar\u0131n\u0131 yerinde incelemek i\u00e7in \u00f6nemli bir ziyaret ger\u00e7ekle\u015ftirdi. BASK\u0130 Genel M\u00fcd\u00fcr\u00fc Erdo\u011fan \u00d6zt\u00fcrk ve Bal\u0131kesir B\u00fcy\u00fck\u015fehir Belediyesi Genel Sekreter Yard\u0131mc\u0131s\u0131 Mehmet Refik G\u00fcndo\u011fan,&#8230;<\/p>\n","protected":false},"author":1,"featured_media":21178,"comment_status":"closed","ping_status":"closed","sticky":false,"template":"","format":"standard","meta":{"footnotes":""},"categories":[36],"tags":[],"class_list":["post-21177","post","type-post","status-publish","format-standard","has-post-thumbnail","hentry","category-manset"],"_links":{"self":[{"href":"http:\/\/gazetevizyon.com\/index.php?rest_route=\/wp\/v2\/posts\/21177","targetHints":{"allow":["GET"]}}],"collection":[{"href":"http:\/\/gazetevizyon.com\/index.php?rest_route=\/wp\/v2\/posts"}],"about":[{"href":"http:\/\/gazetevizyon.com\/index.php?rest_route=\/wp\/v2\/types\/post"}],"author":[{"embeddable":true,"href":"http:\/\/gazetevizyon.com\/index.php?rest_route=\/wp\/v2\/users\/1"}],"replies":[{"embeddable":true,"href":"http:\/\/gazetevizyon.com\/index.php?rest_route=%2Fwp%2Fv2%2Fcomments&post=21177"}],"version-history":[{"count":1,"href":"http:\/\/gazetevizyon.com\/index.php?rest_route=\/wp\/v2\/posts\/21177\/revisions"}],"predecessor-version":[{"id":21197,"href":"http:\/\/gazetevizyon.com\/index.php?rest_route=\/wp\/v2\/posts\/21177\/revisions\/21197"}],"wp:featuredmedia":[{"embeddable":true,"href":"http:\/\/gazetevizyon.com\/index.php?rest_route=\/wp\/v2\/media\/21178"}],"wp:attachment":[{"href":"http:\/\/gazetevizyon.com\/index.php?rest_route=%2Fwp%2Fv2%2Fmedia&parent=21177"}],"wp:term":[{"taxonomy":"category","embeddable":true,"href":"http:\/\/gazetevizyon.com\/index.php?rest_route=%2Fwp%2Fv2%2Fcategories&post=21177"},{"taxonomy":"post_tag","embeddable":true,"href":"http:\/\/gazetevizyon.com\/index.php?rest_route=%2Fwp%2Fv2%2Ftags&post=21177"}],"curies":[{"name":"wp","href":"https:\/\/api.w.org\/{rel}","templated":true}]}}