{"id":21198,"date":"2025-02-15T18:42:31","date_gmt":"2025-02-15T18:42:31","guid":{"rendered":"http:\/\/gazetevizyon.com\/?p=21198"},"modified":"2025-02-15T18:42:31","modified_gmt":"2025-02-15T18:42:31","slug":"ak-parti-heyeti-zonguldakta-vefa-ziyaretlerinde-bulundu","status":"publish","type":"post","link":"http:\/\/gazetevizyon.com\/?p=21198","title":{"rendered":"AK Parti Heyeti, Zonguldak\u2019ta Vefa Ziyaretlerinde Bulundu"},"content":{"rendered":"<p><h2>Zonguldak&#8217;ta Vefa Ziyaretleri<\/h2>\n<p>AK Parti&#8217;nin Zonguldak \u0130l Te\u015fkilat\u0131, vatanda\u015flarla bir araya gelerek anlaml\u0131 ziyaretler ger\u00e7ekle\u015ftirdi. \u0130l\u00e7e Ba\u015fkan\u0131 \u0130smail Uluhan ve te\u015fkilat \u00fcyeleri, de\u011ferli hem\u015fehrileri ile anlaml\u0131 bir bulu\u015fma i\u00e7in yola koyuldu.<\/p>\n<p><h3>\u00d6nceki D\u00f6nem Kad\u0131n Kollar\u0131 \u00dcyesine Anlaml\u0131 Ziyaret<\/h3>\n<p>Ziyaretlerin ilk dura\u011f\u0131, ge\u00e7ti\u011fimiz y\u0131llarda vefat eden \u00f6nceki d\u00f6nem kad\u0131n kollar\u0131 y\u00f6netim kurulu \u00fcyesi Nihal Can\u2019\u0131n ailesi oldu. \u0130smail Uluhan ve beraberindeki heyet, Can ailesine ba\u015fsa\u011fl\u0131\u011f\u0131 dileklerinde bulunarak <strong>desteklerini<\/strong> iletti.<\/p>\n<p><h3>G\u00f6n\u00fcll\u00fc \u0130smail Demir\u00f6z&#8217;e Te\u015fekk\u00fcr<\/h3>\n<p>Heyetin ikinci dura\u011f\u0131 ise AK Parti g\u00f6n\u00fcll\u00fcs\u00fc \u0130smail Demir\u00f6z ve ailesi oldu. Ziyaret s\u0131ras\u0131nda Demir\u00f6z ailesinin hal ve hat\u0131r\u0131n\u0131 soran AK Parti ekibi, s\u0131cak kar\u015f\u0131lamalar\u0131ndan dolay\u0131 kendilerine te\u015fekk\u00fcrlerini sundu.<\/p>\n<p><h2>Te\u015fekk\u00fcr ve Minnettarl\u0131k<\/h2>\n<p>\u0130l\u00e7e ba\u015fkan\u0131 Uluhan, ziyaretlerin ard\u0131ndan yapt\u0131\u011f\u0131 a\u00e7\u0131klamada, vatanda\u015flar\u0131n g\u00f6sterdi\u011fi misafirperverlik i\u00e7in <strong>minnettarl\u0131k duyduklar\u0131n\u0131<\/strong> ifade etti. Bu t\u00fcr ziyaretlerin toplum i\u00e7indeki dayan\u0131\u015fma ve ho\u015fg\u00f6r\u00fcy\u00fc g\u00fc\u00e7lendirdi\u011fini belirtti.<\/p>\n","protected":false},"excerpt":{"rendered":"<p>Zonguldak&#8217;ta Vefa Ziyaretleri AK Parti&#8217;nin Zonguldak \u0130l Te\u015fkilat\u0131, vatanda\u015flarla bir araya gelerek anlaml\u0131 ziyaretler ger\u00e7ekle\u015ftirdi. \u0130l\u00e7e Ba\u015fkan\u0131 \u0130smail Uluhan ve te\u015fkilat \u00fcyeleri, de\u011ferli hem\u015fehrileri ile anlaml\u0131 bir bulu\u015fma i\u00e7in yola koyuldu. \u00d6nceki D\u00f6nem Kad\u0131n Kollar\u0131 \u00dcyesine Anlaml\u0131 Ziyaret Ziyaretlerin ilk&#8230;<\/p>\n","protected":false},"author":1,"featured_media":21199,"comment_status":"closed","ping_status":"closed","sticky":false,"template":"","format":"standard","meta":{"footnotes":""},"categories":[23],"tags":[],"class_list":["post-21198","post","type-post","status-publish","format-standard","has-post-thumbnail","hentry","category-siyaset"],"_links":{"self":[{"href":"http:\/\/gazetevizyon.com\/index.php?rest_route=\/wp\/v2\/posts\/21198","targetHints":{"allow":["GET"]}}],"collection":[{"href":"http:\/\/gazetevizyon.com\/index.php?rest_route=\/wp\/v2\/posts"}],"about":[{"href":"http:\/\/gazetevizyon.com\/index.php?rest_route=\/wp\/v2\/types\/post"}],"author":[{"embeddable":true,"href":"http:\/\/gazetevizyon.com\/index.php?rest_route=\/wp\/v2\/users\/1"}],"replies":[{"embeddable":true,"href":"http:\/\/gazetevizyon.com\/index.php?rest_route=%2Fwp%2Fv2%2Fcomments&post=21198"}],"version-history":[{"count":1,"href":"http:\/\/gazetevizyon.com\/index.php?rest_route=\/wp\/v2\/posts\/21198\/revisions"}],"predecessor-version":[{"id":21216,"href":"http:\/\/gazetevizyon.com\/index.php?rest_route=\/wp\/v2\/posts\/21198\/revisions\/21216"}],"wp:featuredmedia":[{"embeddable":true,"href":"http:\/\/gazetevizyon.com\/index.php?rest_route=\/wp\/v2\/media\/21199"}],"wp:attachment":[{"href":"http:\/\/gazetevizyon.com\/index.php?rest_route=%2Fwp%2Fv2%2Fmedia&parent=21198"}],"wp:term":[{"taxonomy":"category","embeddable":true,"href":"http:\/\/gazetevizyon.com\/index.php?rest_route=%2Fwp%2Fv2%2Fcategories&post=21198"},{"taxonomy":"post_tag","embeddable":true,"href":"http:\/\/gazetevizyon.com\/index.php?rest_route=%2Fwp%2Fv2%2Ftags&post=21198"}],"curies":[{"name":"wp","href":"https:\/\/api.w.org\/{rel}","templated":true}]}}