{"id":21238,"date":"2025-02-16T00:42:26","date_gmt":"2025-02-16T00:42:26","guid":{"rendered":"http:\/\/gazetevizyon.com\/?p=21238"},"modified":"2025-02-16T00:42:26","modified_gmt":"2025-02-16T00:42:26","slug":"cagdas-yasami-destekleme-derneginden-balikesirde-anlamli-dayanisma-yemegi","status":"publish","type":"post","link":"http:\/\/gazetevizyon.com\/?p=21238","title":{"rendered":"\u00c7a\u011fda\u015f Ya\u015fam\u0131 Destekleme Derne\u011fi&#8217;nden Bal\u0131kesir&#8217;de Anlaml\u0131 Dayan\u0131\u015fma Yeme\u011fi"},"content":{"rendered":"<p><h2>Bal\u0131kesir&#8217;de E\u011fitim \u0130\u00e7in Dayan\u0131\u015fma Yeme\u011fi<\/h2>\n<p><strong>\u00c7a\u011fda\u015f Ya\u015fam\u0131 Destekleme Derne\u011fi (\u00c7YDD) Bal\u0131kesir \u015eubesi<\/strong> taraf\u0131ndan d\u00fczenlenen dayan\u0131\u015fma yeme\u011fi, e\u011fitime ve gen\u00e7lere verilen deste\u011fi bir kez daha g\u00f6zler \u00f6n\u00fcne serdi. Bu \u00f6zel gece, \u00c7YDD \u00fcyeleri ve destek\u00e7ileriyle anlam kazand\u0131.<\/p>\n<p><h3>\u00c7YDD Liderli\u011finden Te\u015fekk\u00fcr ve Taahh\u00fct<\/h3>\n<p>Etkinlikte konu\u015fan <strong>\u00c7YDD Genel Ba\u015fkan\u0131 Prof. Dr. Ay\u015fe Y\u00fcksel<\/strong> ve <strong>\u00c7YDD Bal\u0131kesir \u015eube Ba\u015fkan\u0131 \u0130smail Erten<\/strong>, organizasyona katk\u0131da bulunan herkese te\u015fekk\u00fcrlerini sundu. E\u011fitime, gen\u00e7lere ve \u00e7a\u011fda\u015f bir gelece\u011fe olan inan\u00e7lar\u0131 vurguland\u0131 ve gelecekte de bu inan\u00e7la \u00e7al\u0131\u015fmalara devam edilece\u011fi a\u00e7\u0131kland\u0131.<\/p>\n<p><ul>  <\/p>\n<li>E\u011fitim Hakk\u0131: Gelece\u011fimiz olan gen\u00e7lerin e\u011fitim hakk\u0131n\u0131 savunmak \u00f6ncelikli hedef olarak belirlendi.<\/li>\n<p>  <\/p>\n<li>\u0130nan\u00e7 ve Minnet: Etkinlikte eme\u011fi ge\u00e7en herkese duyulan minnettarl\u0131k dile getirildi.<\/li>\n<p>  <\/p>\n<li>Kararl\u0131l\u0131k: Gen\u00e7lerin yan\u0131nda olmaya ve e\u011fitime destek vermeye kararl\u0131l\u0131kla devam edilece\u011fi belirtildi.<\/li>\n<p><\/ul>\n<\/p>\n<p><h3>Gelece\u011fe \u0130nan\u00e7la Bak\u0131\u015f<\/h3>\n<p>Gen\u00e7lerin \u00e7a\u011fda\u015f bir gelecekte e\u011fitim alabilmesi i\u00e7in var g\u00fc\u00e7le \u00e7al\u0131\u015fan \u00c7YDD, bu t\u00fcr etkinliklerle toplumun geni\u015f kesimlerine ula\u015fmay\u0131 hedefliyor. Dernek \u00fcyeleri, e\u011fitim hakk\u0131 konusunda kararl\u0131 bir tutum sergilemeye devam edeceklerini belirtti.<\/p>\n","protected":false},"excerpt":{"rendered":"<p>Bal\u0131kesir&#8217;de E\u011fitim \u0130\u00e7in Dayan\u0131\u015fma Yeme\u011fi \u00c7a\u011fda\u015f Ya\u015fam\u0131 Destekleme Derne\u011fi (\u00c7YDD) Bal\u0131kesir \u015eubesi taraf\u0131ndan d\u00fczenlenen dayan\u0131\u015fma yeme\u011fi, e\u011fitime ve gen\u00e7lere verilen deste\u011fi bir kez daha g\u00f6zler \u00f6n\u00fcne serdi. Bu \u00f6zel gece, \u00c7YDD \u00fcyeleri ve destek\u00e7ileriyle anlam kazand\u0131. \u00c7YDD Liderli\u011finden Te\u015fekk\u00fcr ve&#8230;<\/p>\n","protected":false},"author":1,"featured_media":21239,"comment_status":"closed","ping_status":"closed","sticky":false,"template":"","format":"standard","meta":{"footnotes":""},"categories":[23],"tags":[],"class_list":["post-21238","post","type-post","status-publish","format-standard","has-post-thumbnail","hentry","category-siyaset"],"_links":{"self":[{"href":"http:\/\/gazetevizyon.com\/index.php?rest_route=\/wp\/v2\/posts\/21238","targetHints":{"allow":["GET"]}}],"collection":[{"href":"http:\/\/gazetevizyon.com\/index.php?rest_route=\/wp\/v2\/posts"}],"about":[{"href":"http:\/\/gazetevizyon.com\/index.php?rest_route=\/wp\/v2\/types\/post"}],"author":[{"embeddable":true,"href":"http:\/\/gazetevizyon.com\/index.php?rest_route=\/wp\/v2\/users\/1"}],"replies":[{"embeddable":true,"href":"http:\/\/gazetevizyon.com\/index.php?rest_route=%2Fwp%2Fv2%2Fcomments&post=21238"}],"version-history":[{"count":1,"href":"http:\/\/gazetevizyon.com\/index.php?rest_route=\/wp\/v2\/posts\/21238\/revisions"}],"predecessor-version":[{"id":21257,"href":"http:\/\/gazetevizyon.com\/index.php?rest_route=\/wp\/v2\/posts\/21238\/revisions\/21257"}],"wp:featuredmedia":[{"embeddable":true,"href":"http:\/\/gazetevizyon.com\/index.php?rest_route=\/wp\/v2\/media\/21239"}],"wp:attachment":[{"href":"http:\/\/gazetevizyon.com\/index.php?rest_route=%2Fwp%2Fv2%2Fmedia&parent=21238"}],"wp:term":[{"taxonomy":"category","embeddable":true,"href":"http:\/\/gazetevizyon.com\/index.php?rest_route=%2Fwp%2Fv2%2Fcategories&post=21238"},{"taxonomy":"post_tag","embeddable":true,"href":"http:\/\/gazetevizyon.com\/index.php?rest_route=%2Fwp%2Fv2%2Ftags&post=21238"}],"curies":[{"name":"wp","href":"https:\/\/api.w.org\/{rel}","templated":true}]}}