{"id":21264,"date":"2025-02-16T15:43:16","date_gmt":"2025-02-16T15:43:16","guid":{"rendered":"http:\/\/gazetevizyon.com\/?p=21264"},"modified":"2025-02-16T15:43:16","modified_gmt":"2025-02-16T15:43:16","slug":"burhaniyede-hayir-yemegi-etkinligi-duzenlendi","status":"publish","type":"post","link":"http:\/\/gazetevizyon.com\/?p=21264","title":{"rendered":"Burhaniye&#8217;de Hay\u0131r Yeme\u011fi Etkinli\u011fi D\u00fczenlendi"},"content":{"rendered":"<p><h2>Burhaniye&#8217;de Hay\u0131r Yeme\u011fi Co\u015fkusu<\/h2>\n<\/p>\n<p>Burhaniye il\u00e7esinde toplumsal dayan\u0131\u015fmay\u0131 art\u0131rmak amac\u0131yla d\u00fczenlenen hay\u0131r yeme\u011fi b\u00fcy\u00fck bir kat\u0131l\u0131mla ger\u00e7ekle\u015fti. Etkinlik, il\u00e7enin manevi \u00f6nderlerinden Sadettin K\u0131l\u0131\u00e7 \u00f6nderli\u011finde tertip edildi.<\/p>\n<p><h3>Etkinlikte Kimler Bulundu?<\/h3>\n<\/p>\n<p><strong>Etkinli\u011fe<\/strong>, Burhaniye il\u00e7e ba\u015fkan\u0131 Selman Aktay ba\u015fta olmak \u00fczere bir\u00e7ok yerel y\u00f6netici ve vatanda\u015f kat\u0131ld\u0131. Kat\u0131l\u0131mc\u0131lar, birlik ve beraberlik mesaj\u0131 vererek etkinli\u011fe desteklerini ifade ettiler.<\/p>\n<p><h3>Hay\u0131r Yeme\u011finin Amac\u0131<\/h3>\n<\/p>\n<p>Hay\u0131r yeme\u011fi, toplumda dayan\u0131\u015fmay\u0131 peki\u015ftirmek ve manevi de\u011ferlere sahip \u00e7\u0131kmak amac\u0131yla d\u00fczenlendi. Organizasyon kapsam\u0131nda yap\u0131lan dualarla, kat\u0131l\u0131mc\u0131lar bar\u0131\u015f ve huzur i\u00e7in temennilerde bulundu.<\/p>\n<p><h2>Etkinli\u011fin \u0130l\u00e7eye Katk\u0131lar\u0131<\/h2>\n<\/p>\n<p><ul>  <\/p>\n<li>Topluluk bilincini g\u00fc\u00e7lendirdi.<\/li>\n<p>  <\/p>\n<li>Manevi de\u011ferlere olan ilgiyi art\u0131rd\u0131.<\/li>\n<p>  <\/p>\n<li>Vatanda\u015flar aras\u0131nda ileti\u015fim ve etkile\u015fimin artmas\u0131na vesile oldu.<\/li>\n<p><\/ul>\n<\/p>\n<p>Sadettin K\u0131l\u0131\u00e7 taraf\u0131ndan d\u00fczenlenen bu etkinlik, <strong>manevi atmosferi<\/strong> ile kat\u0131l\u0131mc\u0131lara unutulmaz anlar ya\u015fatt\u0131. Yemek s\u0131ras\u0131nda yap\u0131lan hay\u0131r dualar\u0131, kat\u0131lan herkesin g\u00f6nl\u00fcn\u00fc huzurla doldurdu.<\/p>\n","protected":false},"excerpt":{"rendered":"<p>Burhaniye&#8217;de Hay\u0131r Yeme\u011fi Co\u015fkusu Burhaniye il\u00e7esinde toplumsal dayan\u0131\u015fmay\u0131 art\u0131rmak amac\u0131yla d\u00fczenlenen hay\u0131r yeme\u011fi b\u00fcy\u00fck bir kat\u0131l\u0131mla ger\u00e7ekle\u015fti. Etkinlik, il\u00e7enin manevi \u00f6nderlerinden Sadettin K\u0131l\u0131\u00e7 \u00f6nderli\u011finde tertip edildi. Etkinlikte Kimler Bulundu? Etkinli\u011fe, Burhaniye il\u00e7e ba\u015fkan\u0131 Selman Aktay ba\u015fta olmak \u00fczere bir\u00e7ok yerel&#8230;<\/p>\n","protected":false},"author":1,"featured_media":21265,"comment_status":"closed","ping_status":"closed","sticky":false,"template":"","format":"standard","meta":{"footnotes":""},"categories":[23],"tags":[],"class_list":["post-21264","post","type-post","status-publish","format-standard","has-post-thumbnail","hentry","category-siyaset"],"_links":{"self":[{"href":"http:\/\/gazetevizyon.com\/index.php?rest_route=\/wp\/v2\/posts\/21264","targetHints":{"allow":["GET"]}}],"collection":[{"href":"http:\/\/gazetevizyon.com\/index.php?rest_route=\/wp\/v2\/posts"}],"about":[{"href":"http:\/\/gazetevizyon.com\/index.php?rest_route=\/wp\/v2\/types\/post"}],"author":[{"embeddable":true,"href":"http:\/\/gazetevizyon.com\/index.php?rest_route=\/wp\/v2\/users\/1"}],"replies":[{"embeddable":true,"href":"http:\/\/gazetevizyon.com\/index.php?rest_route=%2Fwp%2Fv2%2Fcomments&post=21264"}],"version-history":[{"count":1,"href":"http:\/\/gazetevizyon.com\/index.php?rest_route=\/wp\/v2\/posts\/21264\/revisions"}],"predecessor-version":[{"id":21276,"href":"http:\/\/gazetevizyon.com\/index.php?rest_route=\/wp\/v2\/posts\/21264\/revisions\/21276"}],"wp:featuredmedia":[{"embeddable":true,"href":"http:\/\/gazetevizyon.com\/index.php?rest_route=\/wp\/v2\/media\/21265"}],"wp:attachment":[{"href":"http:\/\/gazetevizyon.com\/index.php?rest_route=%2Fwp%2Fv2%2Fmedia&parent=21264"}],"wp:term":[{"taxonomy":"category","embeddable":true,"href":"http:\/\/gazetevizyon.com\/index.php?rest_route=%2Fwp%2Fv2%2Fcategories&post=21264"},{"taxonomy":"post_tag","embeddable":true,"href":"http:\/\/gazetevizyon.com\/index.php?rest_route=%2Fwp%2Fv2%2Ftags&post=21264"}],"curies":[{"name":"wp","href":"https:\/\/api.w.org\/{rel}","templated":true}]}}