{"id":21270,"date":"2025-02-16T15:46:10","date_gmt":"2025-02-16T15:46:10","guid":{"rendered":"http:\/\/gazetevizyon.com\/?p=21270"},"modified":"2025-02-16T15:46:10","modified_gmt":"2025-02-16T15:46:10","slug":"balikesirde-cosku-dolu-gelenek-7-havran-deve-guresleri","status":"publish","type":"post","link":"http:\/\/gazetevizyon.com\/?p=21270","title":{"rendered":"Bal\u0131kesir&#8217;de Co\u015fku Dolu Gelenek: 7. Havran Deve G\u00fcre\u015fleri"},"content":{"rendered":"<p><h2>Bal\u0131kesir&#8217;in Havran \u0130l\u00e7esinde Deve G\u00fcre\u015fleri \u015e\u00f6leni<\/h2>\n<\/p>\n<p>Bal\u0131kesir&#8217;de bu y\u0131l yedincisi d\u00fczenlenen geleneksel <strong>Havran Deve G\u00fcre\u015fleri<\/strong>, b\u00fcy\u00fck bir heyecan ve co\u015fkuyla ger\u00e7ekle\u015fti. Yerel halk\u0131n yo\u011fun kat\u0131l\u0131m\u0131yla dikkat \u00e7eken etkinlik, b\u00f6lgeye renk katt\u0131.<\/p>\n<p><h3>\u0130l\u00e7e Halk\u0131 Bir Araya Geldi<\/h3>\n<\/p>\n<p>Bal\u0131kesir&#8217;in d\u00f6rt bir yan\u0131ndan kat\u0131l\u0131m\u0131n oldu\u011fu etkinlik, yerel halk\u0131n birlik ve beraberli\u011fini peki\u015ftirdi. Etkinlik, geleneklerin ya\u015fat\u0131lmas\u0131 ve halk\u0131n kayna\u015fmas\u0131 a\u00e7\u0131s\u0131ndan \u00f6nemli bir rol oynuyor.<\/p>\n<p><h3>Eme\u011fi Ge\u00e7enlere Te\u015fekk\u00fcr<\/h3>\n<\/p>\n<p>Organizasyonda eme\u011fi ge\u00e7en t\u00fcm kat\u0131l\u0131mc\u0131lara te\u015fekk\u00fcr edilerek, \u00f6n\u00fcm\u00fczdeki y\u0131llarda bu t\u00fcr etkinliklerin devam edece\u011fi vurguland\u0131.<\/p>\n<p><ul>  <\/p>\n<li>Geleneksel etkinliklere ilginin art\u0131r\u0131lmas\u0131<\/li>\n<p>  <\/p>\n<li>Yerel k\u00fclt\u00fcr\u00fcn ya\u015fat\u0131lmas\u0131<\/li>\n<p>  <\/p>\n<li>Toplumsal birlikteli\u011fin sa\u011flanmas\u0131<\/li>\n<p><\/ul>\n<\/p>\n<p><h2>Gelecekteki Bulu\u015fmalar Devam Edecek<\/h2>\n<\/p>\n<p><strong>Bal\u0131kesir<\/strong>&#8216;in \u00e7e\u015fitli il\u00e7elerinde farkl\u0131 etkinliklerle halkla bulu\u015fmay\u0131 planlayan yetkililer, bu t\u00fcr organizasyonlar\u0131n yerel k\u00fclt\u00fcr\u00fc tan\u0131tmak ve sosyal kayna\u015fmay\u0131 sa\u011flamak ad\u0131na \u00f6nemli oldu\u011funu belirtiyor.<\/p>\n","protected":false},"excerpt":{"rendered":"<p>Bal\u0131kesir&#8217;in Havran \u0130l\u00e7esinde Deve G\u00fcre\u015fleri \u015e\u00f6leni Bal\u0131kesir&#8217;de bu y\u0131l yedincisi d\u00fczenlenen geleneksel Havran Deve G\u00fcre\u015fleri, b\u00fcy\u00fck bir heyecan ve co\u015fkuyla ger\u00e7ekle\u015fti. Yerel halk\u0131n yo\u011fun kat\u0131l\u0131m\u0131yla dikkat \u00e7eken etkinlik, b\u00f6lgeye renk katt\u0131. \u0130l\u00e7e Halk\u0131 Bir Araya Geldi Bal\u0131kesir&#8217;in d\u00f6rt bir yan\u0131ndan&#8230;<\/p>\n","protected":false},"author":1,"featured_media":21271,"comment_status":"closed","ping_status":"closed","sticky":false,"template":"","format":"standard","meta":{"footnotes":""},"categories":[23],"tags":[],"class_list":["post-21270","post","type-post","status-publish","format-standard","has-post-thumbnail","hentry","category-siyaset"],"_links":{"self":[{"href":"http:\/\/gazetevizyon.com\/index.php?rest_route=\/wp\/v2\/posts\/21270","targetHints":{"allow":["GET"]}}],"collection":[{"href":"http:\/\/gazetevizyon.com\/index.php?rest_route=\/wp\/v2\/posts"}],"about":[{"href":"http:\/\/gazetevizyon.com\/index.php?rest_route=\/wp\/v2\/types\/post"}],"author":[{"embeddable":true,"href":"http:\/\/gazetevizyon.com\/index.php?rest_route=\/wp\/v2\/users\/1"}],"replies":[{"embeddable":true,"href":"http:\/\/gazetevizyon.com\/index.php?rest_route=%2Fwp%2Fv2%2Fcomments&post=21270"}],"version-history":[{"count":1,"href":"http:\/\/gazetevizyon.com\/index.php?rest_route=\/wp\/v2\/posts\/21270\/revisions"}],"predecessor-version":[{"id":21277,"href":"http:\/\/gazetevizyon.com\/index.php?rest_route=\/wp\/v2\/posts\/21270\/revisions\/21277"}],"wp:featuredmedia":[{"embeddable":true,"href":"http:\/\/gazetevizyon.com\/index.php?rest_route=\/wp\/v2\/media\/21271"}],"wp:attachment":[{"href":"http:\/\/gazetevizyon.com\/index.php?rest_route=%2Fwp%2Fv2%2Fmedia&parent=21270"}],"wp:term":[{"taxonomy":"category","embeddable":true,"href":"http:\/\/gazetevizyon.com\/index.php?rest_route=%2Fwp%2Fv2%2Fcategories&post=21270"},{"taxonomy":"post_tag","embeddable":true,"href":"http:\/\/gazetevizyon.com\/index.php?rest_route=%2Fwp%2Fv2%2Ftags&post=21270"}],"curies":[{"name":"wp","href":"https:\/\/api.w.org\/{rel}","templated":true}]}}