{"id":21304,"date":"2025-02-17T00:41:53","date_gmt":"2025-02-17T00:41:53","guid":{"rendered":"http:\/\/gazetevizyon.com\/?p=21304"},"modified":"2025-02-17T00:41:53","modified_gmt":"2025-02-17T00:41:53","slug":"altay-kar-firtinasi-turkiyeyi-etkisi-altina-aliyor","status":"publish","type":"post","link":"http:\/\/gazetevizyon.com\/?p=21304","title":{"rendered":"Altay Kar F\u0131rt\u0131nas\u0131 T\u00fcrkiye&#8217;yi Etkisi Alt\u0131na Al\u0131yor"},"content":{"rendered":"<p><h2>T\u00fcrkiye Sibirya Kaynakl\u0131 Kar F\u0131rt\u0131nas\u0131na Haz\u0131rlan\u0131yor<\/h2>\n<p>T\u00fcrkiye, hafta ortas\u0131ndan itibaren Sibirya k\u00f6kenli Altay Kar F\u0131rt\u0131nas\u0131&#8217;n\u0131n etkisi alt\u0131na girmeye haz\u0131rlan\u0131yor. Meteoroloji, 70 \u015fehirde kar ya\u011f\u0131\u015f\u0131n\u0131n beklendi\u011fini bildirirken, \u00f6zellikle Marmara ve Karadeniz b\u00f6lgelerinde yo\u011fun kar ya\u011f\u0131\u015f\u0131n\u0131n etkili olaca\u011f\u0131n\u0131 a\u00e7\u0131klad\u0131.<\/p>\n<p><h3>S\u0131cakl\u0131klar D\u00fc\u015f\u00fcyor<\/h3>\n<p>Uzmanlara g\u00f6re, f\u0131rt\u0131na boyunca s\u0131cakl\u0131klar\u0131n 12 dereceye kadar d\u00fc\u015fmesi bekleniyor. Bu durum, g\u00fcnl\u00fck ya\u015fam\u0131 olumsuz etkileyebilece\u011fi gibi ula\u015f\u0131mda da aksamalara yol a\u00e7abilir. Yetkililer, vatanda\u015flar\u0131n \u00f6nlem almas\u0131 ve dikkatli olmas\u0131 \u00e7a\u011fr\u0131s\u0131nda bulundu.<\/p>\n<p><strong>\u00d6zellikle Marmara ve Karadeniz&#8217;deki Yo\u011fun Kar Ya\u011f\u0131\u015f\u0131<\/strong><br \/>&#8211; Marmara B\u00f6lgesi: Yo\u011fun kar ya\u011f\u0131\u015f\u0131 ve d\u00fc\u015f\u00fck s\u0131cakl\u0131klar bekleniyor.<br \/>&#8211; Karadeniz B\u00f6lgesi: Yo\u011fun kar ya\u011f\u0131\u015f\u0131 ve buzlanmalara kar\u015f\u0131 dikkatli olunmal\u0131.<\/p>\n","protected":false},"excerpt":{"rendered":"<p>T\u00fcrkiye Sibirya Kaynakl\u0131 Kar F\u0131rt\u0131nas\u0131na Haz\u0131rlan\u0131yor T\u00fcrkiye, hafta ortas\u0131ndan itibaren Sibirya k\u00f6kenli Altay Kar F\u0131rt\u0131nas\u0131&#8217;n\u0131n etkisi alt\u0131na girmeye haz\u0131rlan\u0131yor. Meteoroloji, 70 \u015fehirde kar ya\u011f\u0131\u015f\u0131n\u0131n beklendi\u011fini bildirirken, \u00f6zellikle Marmara ve Karadeniz b\u00f6lgelerinde yo\u011fun kar ya\u011f\u0131\u015f\u0131n\u0131n etkili olaca\u011f\u0131n\u0131 a\u00e7\u0131klad\u0131. S\u0131cakl\u0131klar D\u00fc\u015f\u00fcyor Uzmanlara&#8230;<\/p>\n","protected":false},"author":1,"featured_media":21305,"comment_status":"closed","ping_status":"closed","sticky":false,"template":"","format":"standard","meta":{"footnotes":""},"categories":[36],"tags":[],"class_list":["post-21304","post","type-post","status-publish","format-standard","has-post-thumbnail","hentry","category-manset"],"_links":{"self":[{"href":"http:\/\/gazetevizyon.com\/index.php?rest_route=\/wp\/v2\/posts\/21304","targetHints":{"allow":["GET"]}}],"collection":[{"href":"http:\/\/gazetevizyon.com\/index.php?rest_route=\/wp\/v2\/posts"}],"about":[{"href":"http:\/\/gazetevizyon.com\/index.php?rest_route=\/wp\/v2\/types\/post"}],"author":[{"embeddable":true,"href":"http:\/\/gazetevizyon.com\/index.php?rest_route=\/wp\/v2\/users\/1"}],"replies":[{"embeddable":true,"href":"http:\/\/gazetevizyon.com\/index.php?rest_route=%2Fwp%2Fv2%2Fcomments&post=21304"}],"version-history":[{"count":1,"href":"http:\/\/gazetevizyon.com\/index.php?rest_route=\/wp\/v2\/posts\/21304\/revisions"}],"predecessor-version":[{"id":21310,"href":"http:\/\/gazetevizyon.com\/index.php?rest_route=\/wp\/v2\/posts\/21304\/revisions\/21310"}],"wp:featuredmedia":[{"embeddable":true,"href":"http:\/\/gazetevizyon.com\/index.php?rest_route=\/wp\/v2\/media\/21305"}],"wp:attachment":[{"href":"http:\/\/gazetevizyon.com\/index.php?rest_route=%2Fwp%2Fv2%2Fmedia&parent=21304"}],"wp:term":[{"taxonomy":"category","embeddable":true,"href":"http:\/\/gazetevizyon.com\/index.php?rest_route=%2Fwp%2Fv2%2Fcategories&post=21304"},{"taxonomy":"post_tag","embeddable":true,"href":"http:\/\/gazetevizyon.com\/index.php?rest_route=%2Fwp%2Fv2%2Ftags&post=21304"}],"curies":[{"name":"wp","href":"https:\/\/api.w.org\/{rel}","templated":true}]}}