{"id":21313,"date":"2025-02-17T09:42:53","date_gmt":"2025-02-17T09:42:53","guid":{"rendered":"http:\/\/gazetevizyon.com\/?p=21313"},"modified":"2025-02-17T09:42:53","modified_gmt":"2025-02-17T09:42:53","slug":"ak-partinin-ak-isiginda-istikbal-kongresine-davet","status":"publish","type":"post","link":"http:\/\/gazetevizyon.com\/?p=21313","title":{"rendered":"AK Parti&#8217;nin &#8220;AK I\u015f\u0131\u011f\u0131nda \u0130stikbal&#8221; Kongresi&#8217;ne Davet"},"content":{"rendered":"<p><h2>AK Parti&#8217;den B\u00fcy\u00fck Kongre: &#8220;AK I\u015f\u0131\u011f\u0131nda \u0130stikbal&#8221;<\/h2>\n<\/p>\n<p>T\u00fcrkiye siyasi hayat\u0131nda \u00f6nemli bir yer tutan AK Parti, Cumhurba\u015fkan\u0131 Recep Tayyip Erdo\u011fan liderli\u011finde, &#8220;T\u00fcrkiye Y\u00fczy\u0131l\u0131&#8221;n\u0131n ilk b\u00fcy\u00fck kongresini ger\u00e7ekle\u015ftirmeye haz\u0131rlan\u0131yor. Bu \u00f6nemli etkinli\u011fe t\u00fcm halk\u0131m\u0131z davet ediliyor.<\/p>\n<p><h3>Kongre Tarihi ve Yeri<\/h3>\n<\/p>\n<p>Parti yetkililerince yap\u0131lan a\u00e7\u0131klamaya g\u00f6re, kongre 23 \u015eubat 2025 tarihinde d\u00fczenlenecek. Etkinlik, Ankara Kapal\u0131 Spor Salonu&#8217;nda saat 10:00&#8217;da ba\u015flayacak. Kongreye, parti \u00fcyeleri ve vatanda\u015flar\u0131n yo\u011fun ilgi g\u00f6stermesi bekleniyor.<\/p>\n<p><h2>Neden Kat\u0131lmal\u0131s\u0131n\u0131z?<\/h2>\n<\/p>\n<p>AK Parti taraf\u0131ndan yap\u0131lan \u00e7a\u011fr\u0131da, &#8220;AK I\u015f\u0131\u011f\u0131nda \u0130stikbal&#8221; temas\u0131yla d\u00fczenlenecek bu kongrenin, T\u00fcrkiye&#8217;nin gelece\u011fine dair \u00f6nemli kararlar\u0131n al\u0131naca\u011f\u0131 bir platform olaca\u011f\u0131 vurgulan\u0131yor. Y\u00f6netim kurulu \u00fcyeleri, halka a\u00e7\u0131k bu etkinli\u011fe kat\u0131lacak herkesin T\u00fcrkiye&#8217;nin vizyonuna katk\u0131 sa\u011flayabilece\u011fini belirtiyor.<\/p>\n<p><strong>Kat\u0131l\u0131mc\u0131lar, T\u00fcrkiye&#8217;nin gelece\u011fine y\u00f6n verecek stratejilerin payla\u015f\u0131laca\u011f\u0131 bu etkinlikte do\u011frudan fikir beyan etme f\u0131rsat\u0131 bulacaklar.<\/strong><\/p>\n<p><ul>    <\/p>\n<li>Tarih: 23 \u015eubat 2025<\/li>\n<p>    <\/p>\n<li>Saat: 10:00<\/li>\n<p>    <\/p>\n<li>Yer: Ankara Kapal\u0131 Spor Salonu<\/li>\n<p><\/ul>\n<\/p>\n<p><h3>Program\u0131n \u0130\u00e7eri\u011fi<\/h3>\n<\/p>\n<p>Kongrede, Cumhurba\u015fkan\u0131 Erdo\u011fan&#8217;\u0131n liderli\u011finde AK Parti&#8217;nin yeni d\u00f6nem stratejileri, ekonomi politikalar\u0131 ve sosyal projelerinin detaylar\u0131 payla\u015f\u0131lacak. Etkinli\u011fin daha fazla detay ve konu\u015fmac\u0131 listesi ilerleyen g\u00fcnlerde partinin resmi kanallar\u0131 \u00fczerinden duyurulacak.<\/p>\n<p>#AKParti #AKI\u015f\u0131\u011f\u0131nda\u0130stikbal #T\u00fcrkiyeninGelece\u011fi #B\u00fcy\u00fckKongre #RTErdo\u011fan<\/p>\n","protected":false},"excerpt":{"rendered":"<p>AK Parti&#8217;den B\u00fcy\u00fck Kongre: &#8220;AK I\u015f\u0131\u011f\u0131nda \u0130stikbal&#8221; T\u00fcrkiye siyasi hayat\u0131nda \u00f6nemli bir yer tutan AK Parti, Cumhurba\u015fkan\u0131 Recep Tayyip Erdo\u011fan liderli\u011finde, &#8220;T\u00fcrkiye Y\u00fczy\u0131l\u0131&#8221;n\u0131n ilk b\u00fcy\u00fck kongresini ger\u00e7ekle\u015ftirmeye haz\u0131rlan\u0131yor. Bu \u00f6nemli etkinli\u011fe t\u00fcm halk\u0131m\u0131z davet ediliyor. Kongre Tarihi ve Yeri Parti&#8230;<\/p>\n","protected":false},"author":1,"featured_media":21314,"comment_status":"closed","ping_status":"closed","sticky":false,"template":"","format":"standard","meta":{"footnotes":""},"categories":[23],"tags":[],"class_list":["post-21313","post","type-post","status-publish","format-standard","has-post-thumbnail","hentry","category-siyaset"],"_links":{"self":[{"href":"http:\/\/gazetevizyon.com\/index.php?rest_route=\/wp\/v2\/posts\/21313","targetHints":{"allow":["GET"]}}],"collection":[{"href":"http:\/\/gazetevizyon.com\/index.php?rest_route=\/wp\/v2\/posts"}],"about":[{"href":"http:\/\/gazetevizyon.com\/index.php?rest_route=\/wp\/v2\/types\/post"}],"author":[{"embeddable":true,"href":"http:\/\/gazetevizyon.com\/index.php?rest_route=\/wp\/v2\/users\/1"}],"replies":[{"embeddable":true,"href":"http:\/\/gazetevizyon.com\/index.php?rest_route=%2Fwp%2Fv2%2Fcomments&post=21313"}],"version-history":[{"count":1,"href":"http:\/\/gazetevizyon.com\/index.php?rest_route=\/wp\/v2\/posts\/21313\/revisions"}],"predecessor-version":[{"id":21320,"href":"http:\/\/gazetevizyon.com\/index.php?rest_route=\/wp\/v2\/posts\/21313\/revisions\/21320"}],"wp:featuredmedia":[{"embeddable":true,"href":"http:\/\/gazetevizyon.com\/index.php?rest_route=\/wp\/v2\/media\/21314"}],"wp:attachment":[{"href":"http:\/\/gazetevizyon.com\/index.php?rest_route=%2Fwp%2Fv2%2Fmedia&parent=21313"}],"wp:term":[{"taxonomy":"category","embeddable":true,"href":"http:\/\/gazetevizyon.com\/index.php?rest_route=%2Fwp%2Fv2%2Fcategories&post=21313"},{"taxonomy":"post_tag","embeddable":true,"href":"http:\/\/gazetevizyon.com\/index.php?rest_route=%2Fwp%2Fv2%2Ftags&post=21313"}],"curies":[{"name":"wp","href":"https:\/\/api.w.org\/{rel}","templated":true}]}}